{"id":1520,"date":"2022-03-16T09:17:53","date_gmt":"2022-03-16T09:17:53","guid":{"rendered":"http:\/\/jaszoktatas.hu\/pusztamonostor\/?p=1520"},"modified":"2022-03-16T09:17:53","modified_gmt":"2022-03-16T09:17:53","slug":"nemzeti-unnep-2","status":"publish","type":"post","link":"https:\/\/jaszoktatas.hu\/pusztamonostor\/2022\/03\/16\/nemzeti-unnep-2\/","title":{"rendered":"Nemzeti \u00fcnnep"},"content":{"rendered":"\n<p>M\u00e1rcius 11-\u00e9n a tornateremben ker\u00fclt megrendez\u00e9sre az 1848-49-es szabads\u00e1gharc \u00e9s forradalom tisztelet\u00e9re rendezett megeml\u00e9kez\u00e9s, melyen Kardos Veronika polg\u00e1rmester mondott \u00fcnnepi besz\u00e9det, majd iskol\u00e1nk  tanul\u00f3i  a Gyenesn\u00e9 Cserh\u00e1ti Katalin \u00e1ltal \u00f6ssze\u00e1ll\u00edtott \u00fcnnepi m\u0171sort adt\u00e1k el\u0151. <br><strong>A m\u0171sorban szerepl\u0151 tanul\u00f3k:<\/strong> <br>1.oszt\u00e1ly: B\u00fas Maja Leila ,Varga \u00c1kos  <br>4. oszt\u00e1ly: B\u00fas P\u00e9ter Andr\u00e1s ,Csik\u00f3 Al\u00edz  ,H\u00e1jas Angelika ,  Holl\u00f3 Natali ,  Lajk\u00f3 Liza Anna , Pal\u00f3cz Levente G\u00e1bor Pelczer Zo\u00e9 Nikolett  , Varga Zal\u00e1n 7.oszt\u00e1ly: Laczk\u00f3 Levente <br>8.oszt\u00e1ly: \u00c1brah\u00e1mi Bogl\u00e1rka   <\/p>\n\n\n\n<p> <\/p>\n\n\n\n<figure class=\"wp-block-image\"><img decoding=\"async\" src=\"http:\/\/jaszoktatas.hu\/pusztamonostor\/wp-content\/uploads\/2022\/03\/275785025_5635282519819900_5197307693826815240_n-2-1024x747.jpg\" alt=\"\" class=\"wp-image-1529\"\/><\/figure>\n\n\n\n<ul class=\"wp-block-gallery columns-3 is-cropped wp-block-gallery-1 is-layout-flex\"><li class=\"blocks-gallery-item\"><figure><img decoding=\"async\" src=\"http:\/\/jaszoktatas.hu\/pusztamonostor\/wp-content\/uploads\/2022\/03\/275729827_5635281876486631_8954076281298451902_n-1.jpg\" alt=\"\" data-id=\"1523\" data-link=\"http:\/\/jaszoktatas.hu\/pusztamonostor\/?attachment_id=1523\" class=\"wp-image-1523\"\/><\/figure><\/li><li class=\"blocks-gallery-item\"><figure><img decoding=\"async\" src=\"http:\/\/jaszoktatas.hu\/pusztamonostor\/wp-content\/uploads\/2022\/03\/275771053_5635279513153534_6830394952853813507_n.jpg\" alt=\"\" data-id=\"1524\" data-link=\"http:\/\/jaszoktatas.hu\/pusztamonostor\/?attachment_id=1524\" class=\"wp-image-1524\"\/><\/figure><\/li><li class=\"blocks-gallery-item\"><figure><img decoding=\"async\" src=\"http:\/\/jaszoktatas.hu\/pusztamonostor\/wp-content\/uploads\/2022\/03\/275843883_5635278969820255_2736772848258764343_n.jpg\" alt=\"\" data-id=\"1526\" data-link=\"http:\/\/jaszoktatas.hu\/pusztamonostor\/?attachment_id=1526\" class=\"wp-image-1526\"\/><\/figure><\/li><li class=\"blocks-gallery-item\"><figure><img decoding=\"async\" src=\"http:\/\/jaszoktatas.hu\/pusztamonostor\/wp-content\/uploads\/2022\/03\/275867835_5635278239820328_6798560538252717621_n-462x1024.jpg\" alt=\"\" data-id=\"1527\" data-link=\"http:\/\/jaszoktatas.hu\/pusztamonostor\/?attachment_id=1527\" class=\"wp-image-1527\"\/><\/figure><\/li><li class=\"blocks-gallery-item\"><figure><img decoding=\"async\" src=\"http:\/\/jaszoktatas.hu\/pusztamonostor\/wp-content\/uploads\/2022\/03\/275893481_5635281233153362_8350698272883529534_n.jpg\" alt=\"\" data-id=\"1528\" data-link=\"http:\/\/jaszoktatas.hu\/pusztamonostor\/?attachment_id=1528\" class=\"wp-image-1528\"\/><\/figure><\/li><\/ul>\n\n\n\n<p><\/p>\n\n\n\n<p><\/p>\n","protected":false},"excerpt":{"rendered":"<p>M\u00e1rcius 11-\u00e9n a tornateremben ker\u00fclt megrendez\u00e9sre az 1848-49-es szabads\u00e1gharc \u00e9s forradalom tisztelet\u00e9re rendezett megeml\u00e9kez\u00e9s, melyen Kardos Veronika polg\u00e1rmester mondott \u00fcnnepi besz\u00e9det, majd iskol\u00e1nk tanul\u00f3i a&#8230;<\/p>\n","protected":false},"author":5,"featured_media":0,"comment_status":"closed","ping_status":"closed","sticky":false,"template":"","format":"standard","meta":[],"categories":[1],"tags":[],"_links":{"self":[{"href":"https:\/\/jaszoktatas.hu\/pusztamonostor\/wp-json\/wp\/v2\/posts\/1520"}],"collection":[{"href":"https:\/\/jaszoktatas.hu\/pusztamonostor\/wp-json\/wp\/v2\/posts"}],"about":[{"href":"https:\/\/jaszoktatas.hu\/pusztamonostor\/wp-json\/wp\/v2\/types\/post"}],"author":[{"embeddable":true,"href":"https:\/\/jaszoktatas.hu\/pusztamonostor\/wp-json\/wp\/v2\/users\/5"}],"replies":[{"embeddable":true,"href":"https:\/\/jaszoktatas.hu\/pusztamonostor\/wp-json\/wp\/v2\/comments?post=1520"}],"version-history":[{"count":0,"href":"https:\/\/jaszoktatas.hu\/pusztamonostor\/wp-json\/wp\/v2\/posts\/1520\/revisions"}],"wp:attachment":[{"href":"https:\/\/jaszoktatas.hu\/pusztamonostor\/wp-json\/wp\/v2\/media?parent=1520"}],"wp:term":[{"taxonomy":"category","embeddable":true,"href":"https:\/\/jaszoktatas.hu\/pusztamonostor\/wp-json\/wp\/v2\/categories?post=1520"},{"taxonomy":"post_tag","embeddable":true,"href":"https:\/\/jaszoktatas.hu\/pusztamonostor\/wp-json\/wp\/v2\/tags?post=1520"}],"curies":[{"name":"wp","href":"https:\/\/api.w.org\/{rel}","templated":true}]}}