{"id":273,"date":"2016-09-01T16:30:13","date_gmt":"2016-09-01T16:30:13","guid":{"rendered":"http:\/\/jaszoktatas.hu\/jaszfelsoszentgyorgy\/?p=273"},"modified":"2016-09-30T16:36:53","modified_gmt":"2016-09-30T16:36:53","slug":"20162017","status":"publish","type":"post","link":"https:\/\/jaszoktatas.hu\/jaszfelsoszentgyorgy\/2016\/09\/01\/20162017\/","title":{"rendered":"2016\/2017"},"content":{"rendered":"<p>Szeptember 1-\u00e9n n\u00e1lunk is sor ker\u00fclt a tan\u00e9vnyit\u00f3ra. Az\u00a0 iskol\u00e1s gyerekek m\u0171sora ut\u00e1n iskol\u00e1nk igazgat\u00f3ja, Horv\u00e1thn\u00e9 Sziliczei M\u00f3nika elmondta tan\u00e9vnyit\u00f3 besz\u00e9d\u00e9t, \u00e9s meg is nyitotta a 2016\/2017-es tan\u00e9vet, melyet minden tanul\u00f3nk nagy lend\u00fclettel kezdett. Rem\u00e9lj\u00fck a lelkesed\u00e9s nem m\u00falik el&#8230;<\/p>\n<div data-carousel-extra='{\"blog_id\":1,\"permalink\":\"https:\\\/\\\/jaszoktatas.hu\\\/jaszfelsoszentgyorgy\\\/2016\\\/09\\\/01\\\/20162017\\\/\",\"likes_blog_id\":false}' id='gallery-1' class='gallery galleryid-273 gallery-columns-3 gallery-size-thumbnail'><figure class='gallery-item'>\n\t\t\t<div class='gallery-icon landscape'>\n\t\t\t\t<a href='https:\/\/jaszoktatas.hu\/jaszfelsoszentgyorgy\/2016\/09\/01\/20162017\/img_20160901_080152\/'><img width=\"150\" height=\"150\" src=\"https:\/\/jaszoktatas.hu\/jaszfelsoszentgyorgy\/wp-content\/uploads\/2016\/09\/IMG_20160901_080152-150x150.jpg\" class=\"attachment-thumbnail size-thumbnail\" alt=\"\" decoding=\"async\" loading=\"lazy\" data-attachment-id=\"274\" data-orig-file=\"https:\/\/jaszoktatas.hu\/jaszfelsoszentgyorgy\/wp-content\/uploads\/2016\/09\/IMG_20160901_080152.jpg\" data-orig-size=\"1600,1200\" data-comments-opened=\"0\" data-image-meta=\"{&quot;aperture&quot;:&quot;0&quot;,&quot;credit&quot;:&quot;&quot;,&quot;camera&quot;:&quot;Lenovo B8080-F&quot;,&quot;caption&quot;:&quot;&quot;,&quot;created_timestamp&quot;:&quot;1039348800&quot;,&quot;copyright&quot;:&quot;&quot;,&quot;focal_length&quot;:&quot;3.81&quot;,&quot;iso&quot;:&quot;103&quot;,&quot;shutter_speed&quot;:&quot;0.0014880952380952&quot;,&quot;title&quot;:&quot;&quot;,&quot;orientation&quot;:&quot;0&quot;}\" data-image-title=\"img_20160901_080152\" data-image-description=\"\" data-medium-file=\"https:\/\/jaszoktatas.hu\/jaszfelsoszentgyorgy\/wp-content\/uploads\/2016\/09\/IMG_20160901_080152-300x225.jpg\" data-large-file=\"https:\/\/jaszoktatas.hu\/jaszfelsoszentgyorgy\/wp-content\/uploads\/2016\/09\/IMG_20160901_080152-1024x768.jpg\" \/><\/a>\n\t\t\t<\/div><\/figure><figure class='gallery-item'>\n\t\t\t<div class='gallery-icon landscape'>\n\t\t\t\t<a href='https:\/\/jaszoktatas.hu\/jaszfelsoszentgyorgy\/2016\/09\/01\/20162017\/img_20160901_080237\/'><img width=\"150\" height=\"150\" src=\"https:\/\/jaszoktatas.hu\/jaszfelsoszentgyorgy\/wp-content\/uploads\/2016\/09\/IMG_20160901_080237-150x150.jpg\" class=\"attachment-thumbnail size-thumbnail\" alt=\"\" decoding=\"async\" loading=\"lazy\" aria-describedby=\"gallery-1-275\" data-attachment-id=\"275\" data-orig-file=\"https:\/\/jaszoktatas.hu\/jaszfelsoszentgyorgy\/wp-content\/uploads\/2016\/09\/IMG_20160901_080237.jpg\" data-orig-size=\"1600,1200\" data-comments-opened=\"0\" data-image-meta=\"{&quot;aperture&quot;:&quot;0&quot;,&quot;credit&quot;:&quot;&quot;,&quot;camera&quot;:&quot;Lenovo B8080-F&quot;,&quot;caption&quot;:&quot;&quot;,&quot;created_timestamp&quot;:&quot;1039348800&quot;,&quot;copyright&quot;:&quot;&quot;,&quot;focal_length&quot;:&quot;3.81&quot;,&quot;iso&quot;:&quot;103&quot;,&quot;shutter_speed&quot;:&quot;0.0018832391713748&quot;,&quot;title&quot;:&quot;&quot;,&quot;orientation&quot;:&quot;0&quot;}\" data-image-title=\"img_20160901_080237\" data-image-description=\"\" data-medium-file=\"https:\/\/jaszoktatas.hu\/jaszfelsoszentgyorgy\/wp-content\/uploads\/2016\/09\/IMG_20160901_080237-300x225.jpg\" data-large-file=\"https:\/\/jaszoktatas.hu\/jaszfelsoszentgyorgy\/wp-content\/uploads\/2016\/09\/IMG_20160901_080237-1024x768.jpg\" \/><\/a>\n\t\t\t<\/div>\n\t\t\t\t<figcaption class='wp-caption-text gallery-caption' id='gallery-1-275'>\n\t\t\t\tEls\u0151s\u00f6k m\u0171sora \u00f3v\u00f3n\u00e9nivel\n\t\t\t\t<\/figcaption><\/figure><figure class='gallery-item'>\n\t\t\t<div class='gallery-icon landscape'>\n\t\t\t\t<a href='https:\/\/jaszoktatas.hu\/jaszfelsoszentgyorgy\/2016\/09\/01\/20162017\/img_20160901_080256\/'><img width=\"150\" height=\"150\" src=\"https:\/\/jaszoktatas.hu\/jaszfelsoszentgyorgy\/wp-content\/uploads\/2016\/09\/IMG_20160901_080256-150x150.jpg\" class=\"attachment-thumbnail size-thumbnail\" alt=\"\" decoding=\"async\" loading=\"lazy\" data-attachment-id=\"276\" data-orig-file=\"https:\/\/jaszoktatas.hu\/jaszfelsoszentgyorgy\/wp-content\/uploads\/2016\/09\/IMG_20160901_080256.jpg\" data-orig-size=\"1600,1200\" data-comments-opened=\"0\" data-image-meta=\"{&quot;aperture&quot;:&quot;0&quot;,&quot;credit&quot;:&quot;&quot;,&quot;camera&quot;:&quot;Lenovo B8080-F&quot;,&quot;caption&quot;:&quot;&quot;,&quot;created_timestamp&quot;:&quot;1039348800&quot;,&quot;copyright&quot;:&quot;&quot;,&quot;focal_length&quot;:&quot;3.81&quot;,&quot;iso&quot;:&quot;103&quot;,&quot;shutter_speed&quot;:&quot;0.005952380952381&quot;,&quot;title&quot;:&quot;&quot;,&quot;orientation&quot;:&quot;0&quot;}\" data-image-title=\"img_20160901_080256\" data-image-description=\"\" data-medium-file=\"https:\/\/jaszoktatas.hu\/jaszfelsoszentgyorgy\/wp-content\/uploads\/2016\/09\/IMG_20160901_080256-300x225.jpg\" data-large-file=\"https:\/\/jaszoktatas.hu\/jaszfelsoszentgyorgy\/wp-content\/uploads\/2016\/09\/IMG_20160901_080256-1024x768.jpg\" \/><\/a>\n\t\t\t<\/div><\/figure><figure class='gallery-item'>\n\t\t\t<div class='gallery-icon landscape'>\n\t\t\t\t<a href='https:\/\/jaszoktatas.hu\/jaszfelsoszentgyorgy\/2016\/09\/01\/20162017\/img_20160901_080518\/'><img width=\"150\" height=\"150\" src=\"https:\/\/jaszoktatas.hu\/jaszfelsoszentgyorgy\/wp-content\/uploads\/2016\/09\/IMG_20160901_080518-150x150.jpg\" class=\"attachment-thumbnail size-thumbnail\" alt=\"\" decoding=\"async\" loading=\"lazy\" aria-describedby=\"gallery-1-277\" data-attachment-id=\"277\" data-orig-file=\"https:\/\/jaszoktatas.hu\/jaszfelsoszentgyorgy\/wp-content\/uploads\/2016\/09\/IMG_20160901_080518.jpg\" data-orig-size=\"1600,1200\" data-comments-opened=\"0\" data-image-meta=\"{&quot;aperture&quot;:&quot;0&quot;,&quot;credit&quot;:&quot;&quot;,&quot;camera&quot;:&quot;Lenovo B8080-F&quot;,&quot;caption&quot;:&quot;&quot;,&quot;created_timestamp&quot;:&quot;1039348800&quot;,&quot;copyright&quot;:&quot;&quot;,&quot;focal_length&quot;:&quot;3.81&quot;,&quot;iso&quot;:&quot;103&quot;,&quot;shutter_speed&quot;:&quot;0.0018315018315018&quot;,&quot;title&quot;:&quot;&quot;,&quot;orientation&quot;:&quot;0&quot;}\" data-image-title=\"img_20160901_080518\" data-image-description=\"\" data-medium-file=\"https:\/\/jaszoktatas.hu\/jaszfelsoszentgyorgy\/wp-content\/uploads\/2016\/09\/IMG_20160901_080518-300x225.jpg\" data-large-file=\"https:\/\/jaszoktatas.hu\/jaszfelsoszentgyorgy\/wp-content\/uploads\/2016\/09\/IMG_20160901_080518-1024x768.jpg\" \/><\/a>\n\t\t\t<\/div>\n\t\t\t\t<figcaption class='wp-caption-text gallery-caption' id='gallery-1-277'>\n\t\t\t\tNegyedikesek m\u0171sora\n\t\t\t\t<\/figcaption><\/figure><figure class='gallery-item'>\n\t\t\t<div class='gallery-icon landscape'>\n\t\t\t\t<a href='https:\/\/jaszoktatas.hu\/jaszfelsoszentgyorgy\/2016\/09\/01\/20162017\/img_20160901_080828\/'><img width=\"150\" height=\"150\" src=\"https:\/\/jaszoktatas.hu\/jaszfelsoszentgyorgy\/wp-content\/uploads\/2016\/09\/IMG_20160901_080828-150x150.jpg\" class=\"attachment-thumbnail size-thumbnail\" alt=\"\" decoding=\"async\" loading=\"lazy\" data-attachment-id=\"278\" data-orig-file=\"https:\/\/jaszoktatas.hu\/jaszfelsoszentgyorgy\/wp-content\/uploads\/2016\/09\/IMG_20160901_080828.jpg\" data-orig-size=\"1600,1200\" data-comments-opened=\"0\" data-image-meta=\"{&quot;aperture&quot;:&quot;0&quot;,&quot;credit&quot;:&quot;&quot;,&quot;camera&quot;:&quot;Lenovo B8080-F&quot;,&quot;caption&quot;:&quot;&quot;,&quot;created_timestamp&quot;:&quot;1039348800&quot;,&quot;copyright&quot;:&quot;&quot;,&quot;focal_length&quot;:&quot;3.81&quot;,&quot;iso&quot;:&quot;103&quot;,&quot;shutter_speed&quot;:&quot;0.0036363636363636&quot;,&quot;title&quot;:&quot;&quot;,&quot;orientation&quot;:&quot;0&quot;}\" data-image-title=\"img_20160901_080828\" data-image-description=\"\" data-medium-file=\"https:\/\/jaszoktatas.hu\/jaszfelsoszentgyorgy\/wp-content\/uploads\/2016\/09\/IMG_20160901_080828-300x225.jpg\" data-large-file=\"https:\/\/jaszoktatas.hu\/jaszfelsoszentgyorgy\/wp-content\/uploads\/2016\/09\/IMG_20160901_080828-1024x768.jpg\" \/><\/a>\n\t\t\t<\/div><\/figure>\n\t\t<\/div>\n\n","protected":false},"excerpt":{"rendered":"<p>Szeptember 1-\u00e9n n\u00e1lunk is sor ker\u00fclt a tan\u00e9vnyit\u00f3ra. Az\u00a0 iskol\u00e1s gyerekek m\u0171sora ut\u00e1n iskol\u00e1nk igazgat\u00f3ja, Horv\u00e1thn\u00e9 Sziliczei M\u00f3nika elmondta tan\u00e9vnyit\u00f3 besz\u00e9d\u00e9t, \u00e9s meg is nyitotta&#8230;<\/p>\n","protected":false},"author":2,"featured_media":0,"comment_status":"closed","ping_status":"closed","sticky":false,"template":"","format":"standard","meta":[],"categories":[1],"tags":[],"_links":{"self":[{"href":"https:\/\/jaszoktatas.hu\/jaszfelsoszentgyorgy\/wp-json\/wp\/v2\/posts\/273"}],"collection":[{"href":"https:\/\/jaszoktatas.hu\/jaszfelsoszentgyorgy\/wp-json\/wp\/v2\/posts"}],"about":[{"href":"https:\/\/jaszoktatas.hu\/jaszfelsoszentgyorgy\/wp-json\/wp\/v2\/types\/post"}],"author":[{"embeddable":true,"href":"https:\/\/jaszoktatas.hu\/jaszfelsoszentgyorgy\/wp-json\/wp\/v2\/users\/2"}],"replies":[{"embeddable":true,"href":"https:\/\/jaszoktatas.hu\/jaszfelsoszentgyorgy\/wp-json\/wp\/v2\/comments?post=273"}],"version-history":[{"count":1,"href":"https:\/\/jaszoktatas.hu\/jaszfelsoszentgyorgy\/wp-json\/wp\/v2\/posts\/273\/revisions"}],"predecessor-version":[{"id":279,"href":"https:\/\/jaszoktatas.hu\/jaszfelsoszentgyorgy\/wp-json\/wp\/v2\/posts\/273\/revisions\/279"}],"wp:attachment":[{"href":"https:\/\/jaszoktatas.hu\/jaszfelsoszentgyorgy\/wp-json\/wp\/v2\/media?parent=273"}],"wp:term":[{"taxonomy":"category","embeddable":true,"href":"https:\/\/jaszoktatas.hu\/jaszfelsoszentgyorgy\/wp-json\/wp\/v2\/categories?post=273"},{"taxonomy":"post_tag","embeddable":true,"href":"https:\/\/jaszoktatas.hu\/jaszfelsoszentgyorgy\/wp-json\/wp\/v2\/tags?post=273"}],"curies":[{"name":"wp","href":"https:\/\/api.w.org\/{rel}","templated":true}]}}