{"id":243,"date":"2016-03-12T08:27:38","date_gmt":"2016-03-12T08:27:38","guid":{"rendered":"http:\/\/jaszoktatas.hu\/jaszfelsoszentgyorgy\/?p=243"},"modified":"2016-03-25T08:40:03","modified_gmt":"2016-03-25T08:40:03","slug":"1848-49-es-forradalomra-emlekeztunk","status":"publish","type":"post","link":"https:\/\/jaszoktatas.hu\/jaszfelsoszentgyorgy\/2016\/03\/12\/1848-49-es-forradalomra-emlekeztunk\/","title":{"rendered":"1848-49-es forradalomra eml\u00e9kezt\u00fcnk"},"content":{"rendered":"<p>2016. m\u00e1rcius 11-\u00e9n m\u00e9lt\u00f3k\u00e9ppen eml\u00e9kezt\u00fcnk az 1848-49-es forradalom \u00e9s szabads\u00e1gharc \u00e1ldozataira, t\u00f6rt\u00e9n\u00e9seire. A m\u0171sort id\u00e9n a 7. oszt\u00e1lyos tanul\u00f3ink adt\u00e1k, Hanuszekn\u00e9 Nagy \u00c9va tan\u00e1rn\u0151 felk\u00e9sz\u00edt\u00e9s\u00e9vel.<\/p>\n<p>\u00cdme n\u00e9h\u00e1ny k\u00e9p:<\/p>\n<p>&nbsp;<\/p>\n<div data-carousel-extra='{\"blog_id\":1,\"permalink\":\"https:\\\/\\\/jaszoktatas.hu\\\/jaszfelsoszentgyorgy\\\/2016\\\/03\\\/12\\\/1848-49-es-forradalomra-emlekeztunk\\\/\",\"likes_blog_id\":false}' id='gallery-1' class='gallery galleryid-243 gallery-columns-3 gallery-size-medium'><figure class='gallery-item'>\n\t\t\t<div class='gallery-icon landscape'>\n\t\t\t\t<a href='https:\/\/jaszoktatas.hu\/jaszfelsoszentgyorgy\/2016\/03\/12\/1848-49-es-forradalomra-emlekeztunk\/eljen-a-magyar-szabadsag-marcius-15-e-hatterkep\/'><img width=\"300\" height=\"169\" src=\"https:\/\/jaszoktatas.hu\/jaszfelsoszentgyorgy\/wp-content\/uploads\/2016\/03\/\u00c9ljen-a-Magyar-szabads\u00e1g-m\u00e1rcius-15-e-H\u00e1tt\u00e9rk\u00e9p-300x169.jpg\" class=\"attachment-medium size-medium\" alt=\"\" decoding=\"async\" loading=\"lazy\" srcset=\"https:\/\/jaszoktatas.hu\/jaszfelsoszentgyorgy\/wp-content\/uploads\/2016\/03\/\u00c9ljen-a-Magyar-szabads\u00e1g-m\u00e1rcius-15-e-H\u00e1tt\u00e9rk\u00e9p-300x169.jpg 300w, https:\/\/jaszoktatas.hu\/jaszfelsoszentgyorgy\/wp-content\/uploads\/2016\/03\/\u00c9ljen-a-Magyar-szabads\u00e1g-m\u00e1rcius-15-e-H\u00e1tt\u00e9rk\u00e9p-1024x576.jpg 1024w, https:\/\/jaszoktatas.hu\/jaszfelsoszentgyorgy\/wp-content\/uploads\/2016\/03\/\u00c9ljen-a-Magyar-szabads\u00e1g-m\u00e1rcius-15-e-H\u00e1tt\u00e9rk\u00e9p-624x351.jpg 624w, https:\/\/jaszoktatas.hu\/jaszfelsoszentgyorgy\/wp-content\/uploads\/2016\/03\/\u00c9ljen-a-Magyar-szabads\u00e1g-m\u00e1rcius-15-e-H\u00e1tt\u00e9rk\u00e9p.jpg 1920w\" sizes=\"(max-width: 300px) 100vw, 300px\" data-attachment-id=\"246\" data-orig-file=\"https:\/\/jaszoktatas.hu\/jaszfelsoszentgyorgy\/wp-content\/uploads\/2016\/03\/\u00c9ljen-a-Magyar-szabads\u00e1g-m\u00e1rcius-15-e-H\u00e1tt\u00e9rk\u00e9p.jpg\" data-orig-size=\"1920,1080\" data-comments-opened=\"0\" data-image-meta=\"{&quot;aperture&quot;:&quot;0&quot;,&quot;credit&quot;:&quot;&quot;,&quot;camera&quot;:&quot;&quot;,&quot;caption&quot;:&quot;&quot;,&quot;created_timestamp&quot;:&quot;0&quot;,&quot;copyright&quot;:&quot;&quot;,&quot;focal_length&quot;:&quot;0&quot;,&quot;iso&quot;:&quot;0&quot;,&quot;shutter_speed&quot;:&quot;0&quot;,&quot;title&quot;:&quot;&quot;,&quot;orientation&quot;:&quot;1&quot;}\" data-image-title=\"\u00c9ljen-a-Magyar-szabads\u00e1g-m\u00e1rcius-15-e-H\u00e1tt\u00e9rk\u00e9p\" data-image-description=\"\" data-medium-file=\"https:\/\/jaszoktatas.hu\/jaszfelsoszentgyorgy\/wp-content\/uploads\/2016\/03\/\u00c9ljen-a-Magyar-szabads\u00e1g-m\u00e1rcius-15-e-H\u00e1tt\u00e9rk\u00e9p-300x169.jpg\" data-large-file=\"https:\/\/jaszoktatas.hu\/jaszfelsoszentgyorgy\/wp-content\/uploads\/2016\/03\/\u00c9ljen-a-Magyar-szabads\u00e1g-m\u00e1rcius-15-e-H\u00e1tt\u00e9rk\u00e9p-1024x576.jpg\" \/><\/a>\n\t\t\t<\/div><\/figure><figure class='gallery-item'>\n\t\t\t<div class='gallery-icon landscape'>\n\t\t\t\t<a href='https:\/\/jaszoktatas.hu\/jaszfelsoszentgyorgy\/2016\/03\/12\/1848-49-es-forradalomra-emlekeztunk\/img_20160311_110616\/'><img width=\"300\" height=\"169\" src=\"https:\/\/jaszoktatas.hu\/jaszfelsoszentgyorgy\/wp-content\/uploads\/2016\/03\/IMG_20160311_110616-300x169.jpg\" class=\"attachment-medium size-medium\" alt=\"\" decoding=\"async\" loading=\"lazy\" srcset=\"https:\/\/jaszoktatas.hu\/jaszfelsoszentgyorgy\/wp-content\/uploads\/2016\/03\/IMG_20160311_110616-300x169.jpg 300w, https:\/\/jaszoktatas.hu\/jaszfelsoszentgyorgy\/wp-content\/uploads\/2016\/03\/IMG_20160311_110616-1024x576.jpg 1024w, https:\/\/jaszoktatas.hu\/jaszfelsoszentgyorgy\/wp-content\/uploads\/2016\/03\/IMG_20160311_110616-624x351.jpg 624w, https:\/\/jaszoktatas.hu\/jaszfelsoszentgyorgy\/wp-content\/uploads\/2016\/03\/IMG_20160311_110616.jpg 1280w\" sizes=\"(max-width: 300px) 100vw, 300px\" data-attachment-id=\"245\" data-orig-file=\"https:\/\/jaszoktatas.hu\/jaszfelsoszentgyorgy\/wp-content\/uploads\/2016\/03\/IMG_20160311_110616.jpg\" data-orig-size=\"1280,720\" data-comments-opened=\"0\" data-image-meta=\"{&quot;aperture&quot;:&quot;0&quot;,&quot;credit&quot;:&quot;&quot;,&quot;camera&quot;:&quot;Lenovo B8080-F&quot;,&quot;caption&quot;:&quot;&quot;,&quot;created_timestamp&quot;:&quot;1039348800&quot;,&quot;copyright&quot;:&quot;&quot;,&quot;focal_length&quot;:&quot;3.81&quot;,&quot;iso&quot;:&quot;683&quot;,&quot;shutter_speed&quot;:&quot;0.066666666666667&quot;,&quot;title&quot;:&quot;&quot;,&quot;orientation&quot;:&quot;0&quot;}\" data-image-title=\"IMG_20160311_110616\" data-image-description=\"\" data-medium-file=\"https:\/\/jaszoktatas.hu\/jaszfelsoszentgyorgy\/wp-content\/uploads\/2016\/03\/IMG_20160311_110616-300x169.jpg\" data-large-file=\"https:\/\/jaszoktatas.hu\/jaszfelsoszentgyorgy\/wp-content\/uploads\/2016\/03\/IMG_20160311_110616-1024x576.jpg\" \/><\/a>\n\t\t\t<\/div><\/figure><figure class='gallery-item'>\n\t\t\t<div class='gallery-icon landscape'>\n\t\t\t\t<a href='https:\/\/jaszoktatas.hu\/jaszfelsoszentgyorgy\/2016\/03\/12\/1848-49-es-forradalomra-emlekeztunk\/img_20160311_110542\/'><img width=\"300\" height=\"169\" src=\"https:\/\/jaszoktatas.hu\/jaszfelsoszentgyorgy\/wp-content\/uploads\/2016\/03\/IMG_20160311_110542-300x169.jpg\" class=\"attachment-medium size-medium\" alt=\"\" decoding=\"async\" loading=\"lazy\" srcset=\"https:\/\/jaszoktatas.hu\/jaszfelsoszentgyorgy\/wp-content\/uploads\/2016\/03\/IMG_20160311_110542-300x169.jpg 300w, https:\/\/jaszoktatas.hu\/jaszfelsoszentgyorgy\/wp-content\/uploads\/2016\/03\/IMG_20160311_110542-1024x576.jpg 1024w, https:\/\/jaszoktatas.hu\/jaszfelsoszentgyorgy\/wp-content\/uploads\/2016\/03\/IMG_20160311_110542-624x351.jpg 624w, https:\/\/jaszoktatas.hu\/jaszfelsoszentgyorgy\/wp-content\/uploads\/2016\/03\/IMG_20160311_110542.jpg 1280w\" sizes=\"(max-width: 300px) 100vw, 300px\" data-attachment-id=\"244\" data-orig-file=\"https:\/\/jaszoktatas.hu\/jaszfelsoszentgyorgy\/wp-content\/uploads\/2016\/03\/IMG_20160311_110542.jpg\" data-orig-size=\"1280,720\" data-comments-opened=\"0\" data-image-meta=\"{&quot;aperture&quot;:&quot;0&quot;,&quot;credit&quot;:&quot;&quot;,&quot;camera&quot;:&quot;Lenovo B8080-F&quot;,&quot;caption&quot;:&quot;&quot;,&quot;created_timestamp&quot;:&quot;1039348800&quot;,&quot;copyright&quot;:&quot;&quot;,&quot;focal_length&quot;:&quot;3.81&quot;,&quot;iso&quot;:&quot;572&quot;,&quot;shutter_speed&quot;:&quot;0.066666666666667&quot;,&quot;title&quot;:&quot;&quot;,&quot;orientation&quot;:&quot;0&quot;}\" data-image-title=\"IMG_20160311_110542\" data-image-description=\"\" data-medium-file=\"https:\/\/jaszoktatas.hu\/jaszfelsoszentgyorgy\/wp-content\/uploads\/2016\/03\/IMG_20160311_110542-300x169.jpg\" data-large-file=\"https:\/\/jaszoktatas.hu\/jaszfelsoszentgyorgy\/wp-content\/uploads\/2016\/03\/IMG_20160311_110542-1024x576.jpg\" \/><\/a>\n\t\t\t<\/div><\/figure>\n\t\t<\/div>\n\n","protected":false},"excerpt":{"rendered":"<p>2016. m\u00e1rcius 11-\u00e9n m\u00e9lt\u00f3k\u00e9ppen eml\u00e9kezt\u00fcnk az 1848-49-es forradalom \u00e9s szabads\u00e1gharc \u00e1ldozataira, t\u00f6rt\u00e9n\u00e9seire. A m\u0171sort id\u00e9n a 7. oszt\u00e1lyos tanul\u00f3ink adt\u00e1k, Hanuszekn\u00e9 Nagy \u00c9va tan\u00e1rn\u0151 felk\u00e9sz\u00edt\u00e9s\u00e9vel&#8230;.<\/p>\n","protected":false},"author":2,"featured_media":0,"comment_status":"closed","ping_status":"closed","sticky":false,"template":"","format":"standard","meta":[],"categories":[1],"tags":[],"_links":{"self":[{"href":"https:\/\/jaszoktatas.hu\/jaszfelsoszentgyorgy\/wp-json\/wp\/v2\/posts\/243"}],"collection":[{"href":"https:\/\/jaszoktatas.hu\/jaszfelsoszentgyorgy\/wp-json\/wp\/v2\/posts"}],"about":[{"href":"https:\/\/jaszoktatas.hu\/jaszfelsoszentgyorgy\/wp-json\/wp\/v2\/types\/post"}],"author":[{"embeddable":true,"href":"https:\/\/jaszoktatas.hu\/jaszfelsoszentgyorgy\/wp-json\/wp\/v2\/users\/2"}],"replies":[{"embeddable":true,"href":"https:\/\/jaszoktatas.hu\/jaszfelsoszentgyorgy\/wp-json\/wp\/v2\/comments?post=243"}],"version-history":[{"count":1,"href":"https:\/\/jaszoktatas.hu\/jaszfelsoszentgyorgy\/wp-json\/wp\/v2\/posts\/243\/revisions"}],"predecessor-version":[{"id":247,"href":"https:\/\/jaszoktatas.hu\/jaszfelsoszentgyorgy\/wp-json\/wp\/v2\/posts\/243\/revisions\/247"}],"wp:attachment":[{"href":"https:\/\/jaszoktatas.hu\/jaszfelsoszentgyorgy\/wp-json\/wp\/v2\/media?parent=243"}],"wp:term":[{"taxonomy":"category","embeddable":true,"href":"https:\/\/jaszoktatas.hu\/jaszfelsoszentgyorgy\/wp-json\/wp\/v2\/categories?post=243"},{"taxonomy":"post_tag","embeddable":true,"href":"https:\/\/jaszoktatas.hu\/jaszfelsoszentgyorgy\/wp-json\/wp\/v2\/tags?post=243"}],"curies":[{"name":"wp","href":"https:\/\/api.w.org\/{rel}","templated":true}]}}