{"id":844,"date":"2019-10-04T11:47:00","date_gmt":"2019-10-04T11:47:00","guid":{"rendered":"http:\/\/jaszoktatas.hu\/pusztamonostor\/?p=844"},"modified":"2020-01-13T11:34:23","modified_gmt":"2020-01-13T11:34:23","slug":"844","status":"publish","type":"post","link":"http:\/\/jaszoktatas.hu\/pusztamonostor\/2019\/10\/04\/844\/","title":{"rendered":"\u00c9NEKVERSENY"},"content":{"rendered":"\n<p> <\/p>\n\n\n\n<p style=\"text-align:left\">Okt\u00f3ber\n3-\u00e1n a Zenei Vil\u00e1gnaphoz kapcsol\u00f3dva hagyom\u00e1nyosan \u00e9nekversenyt rendezett\niskol\u00e1nk. Az als\u00f3 \u00e9s a fels\u0151 tagozatosok k\u00fcl\u00f6n kateg\u00f3ri\u00e1ban m\u00e9rt\u00e9k \u00f6ssze\ntud\u00e1sukat. A szabadon megv\u00e1laszthat\u00f3 dal mellett mindenkinek egy k\u00f6telez\u0151en\nv\u00e1laszthat\u00f3 n\u00e9pdalt is el kellett \u00e9nekelnie.<\/p>\n\n\n\n<p><strong>Helyez\u00e9sek<\/strong><\/p>\n\n\n\n<p><strong><em>Als\u00f3 tagozat:<\/em><\/strong><\/p>\n\n\n\n<p>1.\nVeres Viola 4.oszt\u00e1ly<\/p>\n\n\n\n<p>2.\nHoll\u00f3 Natali 2.oszt\u00e1ly<\/p>\n\n\n\n<p>3.\nLajk\u00f3 Liza Anna 2.oszt\u00e1ly<\/p>\n\n\n\n<p><strong><em>F\u00f6ls\u0151 tagozat:<\/em><\/strong><\/p>\n\n\n\n<p>1.\u00c1brah\u00e1mi\nBogl\u00e1rka 6.oszt\u00e1ly<\/p>\n\n\n\n<p>2.\nTukora-Bakos Nikoletta 8.oszt\u00e1ly<\/p>\n\n\n\n<p>3. Lakatos Norbert 8.oszt\u00e1ly<\/p>\n\n\n\n<ul class=\"wp-block-gallery columns-1 is-cropped wp-block-gallery-1 is-layout-flex\"><li class=\"blocks-gallery-item\"><figure><img decoding=\"async\" loading=\"lazy\" width=\"778\" height=\"428\" src=\"http:\/\/jaszoktatas.hu\/pusztamonostor\/wp-content\/uploads\/2019\/11\/71277123_2769562413075015_2699363031158095872_n.jpg\" alt=\"\" data-id=\"845\" data-link=\"http:\/\/jaszoktatas.hu\/pusztamonostor\/?attachment_id=845\" class=\"wp-image-845\" srcset=\"http:\/\/jaszoktatas.hu\/pusztamonostor\/wp-content\/uploads\/2019\/11\/71277123_2769562413075015_2699363031158095872_n.jpg 778w, http:\/\/jaszoktatas.hu\/pusztamonostor\/wp-content\/uploads\/2019\/11\/71277123_2769562413075015_2699363031158095872_n-300x165.jpg 300w, http:\/\/jaszoktatas.hu\/pusztamonostor\/wp-content\/uploads\/2019\/11\/71277123_2769562413075015_2699363031158095872_n-768x422.jpg 768w\" sizes=\"(max-width: 778px) 100vw, 778px\" \/><\/figure><\/li><\/ul>\n\n\n\n<figure class=\"wp-block-image\"><img decoding=\"async\" loading=\"lazy\" width=\"725\" height=\"695\" src=\"http:\/\/jaszoktatas.hu\/pusztamonostor\/wp-content\/uploads\/2019\/11\/72698609_2769562296408360_7161827802524680192_n.jpg\" alt=\"\" class=\"wp-image-846\" srcset=\"http:\/\/jaszoktatas.hu\/pusztamonostor\/wp-content\/uploads\/2019\/11\/72698609_2769562296408360_7161827802524680192_n.jpg 725w, http:\/\/jaszoktatas.hu\/pusztamonostor\/wp-content\/uploads\/2019\/11\/72698609_2769562296408360_7161827802524680192_n-300x288.jpg 300w\" sizes=\"(max-width: 725px) 100vw, 725px\" \/><\/figure>\n","protected":false},"excerpt":{"rendered":"<p>Okt\u00f3ber 3-\u00e1n a Zenei Vil\u00e1gnaphoz kapcsol\u00f3dva hagyom\u00e1nyosan \u00e9nekversenyt rendezett iskol\u00e1nk. Az als\u00f3 \u00e9s a fels\u0151 tagozatosok k\u00fcl\u00f6n kateg\u00f3ri\u00e1ban m\u00e9rt\u00e9k \u00f6ssze tud\u00e1sukat. A szabadon megv\u00e1laszthat\u00f3 dal&#8230;<\/p>\n","protected":false},"author":4,"featured_media":846,"comment_status":"closed","ping_status":"closed","sticky":false,"template":"","format":"standard","meta":[],"categories":[1],"tags":[],"_links":{"self":[{"href":"http:\/\/jaszoktatas.hu\/pusztamonostor\/wp-json\/wp\/v2\/posts\/844"}],"collection":[{"href":"http:\/\/jaszoktatas.hu\/pusztamonostor\/wp-json\/wp\/v2\/posts"}],"about":[{"href":"http:\/\/jaszoktatas.hu\/pusztamonostor\/wp-json\/wp\/v2\/types\/post"}],"author":[{"embeddable":true,"href":"http:\/\/jaszoktatas.hu\/pusztamonostor\/wp-json\/wp\/v2\/users\/4"}],"replies":[{"embeddable":true,"href":"http:\/\/jaszoktatas.hu\/pusztamonostor\/wp-json\/wp\/v2\/comments?post=844"}],"version-history":[{"count":3,"href":"http:\/\/jaszoktatas.hu\/pusztamonostor\/wp-json\/wp\/v2\/posts\/844\/revisions"}],"predecessor-version":[{"id":922,"href":"http:\/\/jaszoktatas.hu\/pusztamonostor\/wp-json\/wp\/v2\/posts\/844\/revisions\/922"}],"wp:featuredmedia":[{"embeddable":true,"href":"http:\/\/jaszoktatas.hu\/pusztamonostor\/wp-json\/wp\/v2\/media\/846"}],"wp:attachment":[{"href":"http:\/\/jaszoktatas.hu\/pusztamonostor\/wp-json\/wp\/v2\/media?parent=844"}],"wp:term":[{"taxonomy":"category","embeddable":true,"href":"http:\/\/jaszoktatas.hu\/pusztamonostor\/wp-json\/wp\/v2\/categories?post=844"},{"taxonomy":"post_tag","embeddable":true,"href":"http:\/\/jaszoktatas.hu\/pusztamonostor\/wp-json\/wp\/v2\/tags?post=844"}],"curies":[{"name":"wp","href":"https:\/\/api.w.org\/{rel}","templated":true}]}}