{"id":620,"date":"2018-09-03T19:30:37","date_gmt":"2018-09-03T19:30:37","guid":{"rendered":"http:\/\/jaszoktatas.hu\/pusztamonostor\/?p=620"},"modified":"2018-10-15T11:31:33","modified_gmt":"2018-10-15T11:31:33","slug":"tanevnyito-2018-19-tanev","status":"publish","type":"post","link":"http:\/\/jaszoktatas.hu\/pusztamonostor\/2018\/09\/03\/tanevnyito-2018-19-tanev\/","title":{"rendered":"TAN\u00c9VNYIT\u00d3 2018\/19.tan\u00e9v"},"content":{"rendered":"<p><a href=\"http:\/\/jaszoktatas.hu\/pusztamonostor\/wp-content\/uploads\/2018\/10\/SAM_8736-1.jpg\"><img decoding=\"async\" loading=\"lazy\" class=\"size-thumbnail wp-image-621 alignnone\" src=\"http:\/\/jaszoktatas.hu\/pusztamonostor\/wp-content\/uploads\/2018\/10\/SAM_8736-1-150x150.jpg\" alt=\"\" width=\"150\" height=\"150\" \/><\/a> <a href=\"http:\/\/jaszoktatas.hu\/pusztamonostor\/wp-content\/uploads\/2018\/10\/SAM_8737-1.jpg\"><img decoding=\"async\" loading=\"lazy\" class=\"size-thumbnail wp-image-622 aligncenter\" src=\"http:\/\/jaszoktatas.hu\/pusztamonostor\/wp-content\/uploads\/2018\/10\/SAM_8737-1-150x150.jpg\" alt=\"\" width=\"150\" height=\"150\" \/><\/a><a href=\"http:\/\/jaszoktatas.hu\/pusztamonostor\/wp-content\/uploads\/2018\/10\/SAM_8739-1.jpg\"><img decoding=\"async\" loading=\"lazy\" class=\"size-thumbnail wp-image-623 alignright\" src=\"http:\/\/jaszoktatas.hu\/pusztamonostor\/wp-content\/uploads\/2018\/10\/SAM_8739-1-150x150.jpg\" alt=\"\" width=\"150\" height=\"150\" \/><\/a> <!--more--><\/p>\n<p>2018.szeptember 3-\u00e1n 8 \u00f3rakor \u00fcnnep\u00e9lyes tan\u00e9vnyit\u00f3val kezd\u0151d\u00f6tt el idei tan\u00e9v\u00fcnk. A tan\u00e9vnyit\u00f3 \u00fcnneps\u00e9gen k\u00f6sz\u00f6nthett\u00fck S\u00e1ri Ferenc polg\u00e1rmestert, valamint Tomcs\u00e1nyi Tam\u00e1sn\u00e9t, a Sz\u00fcl\u0151i Szervezet eln\u00f6k\u00e9t is. Bemutatkozott \u00faj koll\u00e9gan\u0151nk, Dancsn\u00e9 Bar\u00e1th Bernadett, aki az als\u00f3s napk\u00f6zi mellett k\u00e9szs\u00e9g t\u00e1rgyakat is tan\u00edt az 1.,2.,3 oszt\u00e1lyokban, helybeli kezd\u0151 pedag\u00f3gusk\u00e9nt nagy kih\u00edv\u00e1ssal ker\u00fclve \u00edgy szembe.<\/p>\n<p>A rendezv\u00e9ny m\u0171sor\u00e1ban a hagyom\u00e1nyokhoz h\u00edven a zeneiskol\u00e1s di\u00e1kok szerepeltek Vakosn\u00e9 S\u00e1nta Teod\u00f3ra tan\u00e1rn\u0151 vezet\u00e9s\u00e9vel, valamint \u00f3vodapedag\u00f3gusaik felk\u00e9sz\u00edt\u00e9s\u00e9vel az iskol\u00e1t megkezd\u0151 13 els\u0151 oszt\u00e1lyos tanul\u00f3 mutatta be m\u0171sor\u00e1t.<\/p>\n<p>Az \u00fcnneps\u00e9get k\u00f6vet\u0151en minden tanul\u00f3 3 oszt\u00e1lyf\u0151n\u00f6ki \u00f3r\u00e1val kezdte el a 2018\/19-es tan\u00e9v tanulm\u00e1nyi munk\u00e1j\u00e1t, ahol megkap\u00e1k ingyenes tank\u00f6nyveiket \u00e9s \u00f3rarendj\u00fcket, besz\u00e1moltak egym\u00e1snak a ny\u00e1ri sz\u00fcnet esem\u00e9nyeir\u0151l. Az els\u0151 \u00e9s az \u00f6t\u00f6dikes tanul\u00f3k \u00faj oszt\u00e1lyf\u0151n\u00f6k\u00f6ket k\u00f6sz\u00f6nthettek, a kicsik Gyenesn\u00e9 Cserh\u00e1ti Katalint, a nagyok Hanuszka S\u00e1msont.<\/p>\n<p>Ebben a tan\u00e9vben, 8 oszt\u00e1lyban \u00e9s 2 napk\u00f6zis csoportban folyik a nevel\u0151-oktat\u00f3 munka, ezen k\u00edv\u00fcl fejleszt\u0151-, felz\u00e1rk\u00f3ztat\u00f3-, \u00e9s k\u00e9pess\u00e9g kibontakoztat\u00f3 \u00f3r\u00e1kon, valamint szakk\u00f6r\u00f6k\u00f6n vehetnek r\u00e9szt di\u00e1kjaink.<\/p>\n","protected":false},"excerpt":{"rendered":"","protected":false},"author":2,"featured_media":0,"comment_status":"closed","ping_status":"closed","sticky":false,"template":"","format":"standard","meta":[],"categories":[1],"tags":[],"_links":{"self":[{"href":"http:\/\/jaszoktatas.hu\/pusztamonostor\/wp-json\/wp\/v2\/posts\/620"}],"collection":[{"href":"http:\/\/jaszoktatas.hu\/pusztamonostor\/wp-json\/wp\/v2\/posts"}],"about":[{"href":"http:\/\/jaszoktatas.hu\/pusztamonostor\/wp-json\/wp\/v2\/types\/post"}],"author":[{"embeddable":true,"href":"http:\/\/jaszoktatas.hu\/pusztamonostor\/wp-json\/wp\/v2\/users\/2"}],"replies":[{"embeddable":true,"href":"http:\/\/jaszoktatas.hu\/pusztamonostor\/wp-json\/wp\/v2\/comments?post=620"}],"version-history":[{"count":1,"href":"http:\/\/jaszoktatas.hu\/pusztamonostor\/wp-json\/wp\/v2\/posts\/620\/revisions"}],"predecessor-version":[{"id":624,"href":"http:\/\/jaszoktatas.hu\/pusztamonostor\/wp-json\/wp\/v2\/posts\/620\/revisions\/624"}],"wp:attachment":[{"href":"http:\/\/jaszoktatas.hu\/pusztamonostor\/wp-json\/wp\/v2\/media?parent=620"}],"wp:term":[{"taxonomy":"category","embeddable":true,"href":"http:\/\/jaszoktatas.hu\/pusztamonostor\/wp-json\/wp\/v2\/categories?post=620"},{"taxonomy":"post_tag","embeddable":true,"href":"http:\/\/jaszoktatas.hu\/pusztamonostor\/wp-json\/wp\/v2\/tags?post=620"}],"curies":[{"name":"wp","href":"https:\/\/api.w.org\/{rel}","templated":true}]}}