{"id":306,"date":"2016-09-17T21:27:25","date_gmt":"2016-09-17T21:27:25","guid":{"rendered":"http:\/\/jaszoktatas.hu\/jaszjakohalma\/?p=306"},"modified":"2016-09-19T07:06:04","modified_gmt":"2016-09-19T07:06:04","slug":"egy-onzetlen-adomanyozorol","status":"publish","type":"post","link":"http:\/\/jaszoktatas.hu\/jaszjakohalma\/?p=306","title":{"rendered":"Egy \u00f6nzetlen adom\u00e1nyoz\u00f3r\u00f3l"},"content":{"rendered":"<p>&nbsp;<\/p>\n<h4 style=\"text-align: justify;\">A J\u00e1szj\u00e1k\u00f3halmi IV. B\u00e9la \u00c1ltal\u00e1nos Iskola a 2016\/2017-es tan\u00e9vet nagyobb technikai felszerelts\u00e9ggel kezdhette egy adom\u00e1nyoz\u00f3 j\u00f3volt\u00e1b\u00f3l.<\/h4>\n<div data-carousel-extra='{\"blog_id\":1,\"permalink\":\"http:\\\/\\\/jaszoktatas.hu\\\/jaszjakohalma\\\/?p=306\",\"likes_blog_id\":false}' id='gallery-1' class='gallery galleryid-306 gallery-columns-1 gallery-size-thumbnail'><figure class='gallery-item'>\n\t\t\t<div class='gallery-icon landscape'>\n\t\t\t\t<a href='http:\/\/jaszoktatas.hu\/jaszjakohalma\/?attachment_id=307'><img width=\"150\" height=\"150\" src=\"http:\/\/jaszoktatas.hu\/jaszjakohalma\/wp-content\/uploads\/2016\/09\/thumbnail_IMG_0009-150x150.jpg\" class=\"attachment-thumbnail size-thumbnail\" alt=\"\" loading=\"lazy\" data-attachment-id=\"307\" data-orig-file=\"http:\/\/jaszoktatas.hu\/jaszjakohalma\/wp-content\/uploads\/2016\/09\/thumbnail_IMG_0009.jpg\" data-orig-size=\"1280,960\" data-comments-opened=\"0\" data-image-meta=\"{&quot;aperture&quot;:&quot;0&quot;,&quot;credit&quot;:&quot;&quot;,&quot;camera&quot;:&quot;&quot;,&quot;caption&quot;:&quot;&quot;,&quot;created_timestamp&quot;:&quot;0&quot;,&quot;copyright&quot;:&quot;&quot;,&quot;focal_length&quot;:&quot;0&quot;,&quot;iso&quot;:&quot;0&quot;,&quot;shutter_speed&quot;:&quot;0&quot;,&quot;title&quot;:&quot;&quot;,&quot;orientation&quot;:&quot;0&quot;}\" data-image-title=\"thumbnail_img_0009\" data-image-description=\"\" data-medium-file=\"http:\/\/jaszoktatas.hu\/jaszjakohalma\/wp-content\/uploads\/2016\/09\/thumbnail_IMG_0009-300x225.jpg\" data-large-file=\"http:\/\/jaszoktatas.hu\/jaszjakohalma\/wp-content\/uploads\/2016\/09\/thumbnail_IMG_0009-1024x768.jpg\" \/><\/a>\n\t\t\t<\/div><\/figure>\n\t\t<\/div>\n\n<h4 style=\"text-align: justify;\">De vegy\u00fck sorba az esem\u00e9nyeket! 2016 nyar\u00e1n az \u00e1ltal\u00e1nos iskola k\u00e9t pedag\u00f3gusa \u2013 Moln\u00e1rn\u00e9 Pete Marianna \u00e9s Muharin\u00e9 Mih\u00e1ly Violetta \u2013 fej\u00e9be vette, hogy iskol\u00e1juknak szereznek egy interakt\u00edv t\u00e1bl\u00e1t (projektorral, hangfalakkal) t\u00e1mogat\u00e1ssal. N\u00e9gy tanteremben m\u00e1r volt &#8211; nagyon k\u00f6zkedvelt a tanul\u00f3k \u00e9s a pedag\u00f3gusok k\u00f6r\u00e9ben, &#8211; de kev\u00e9snek bizonyult. Ez\u00e9rt megkerestek helyi v\u00e1llalkoz\u00f3kat, c\u00e9geket, akik k\u00f6z\u00fcl egy, a helyi iskola seg\u00edts\u00e9g\u00e9re volt. A c\u00e9g \u00e9s az adom\u00e1nyoz\u00f3 neve: <span style=\"text-decoration: underline;\"><strong>BALOGH KRISZTI\u00c1N, a REGO-PLAST Kft.<\/strong> \u00fcgyvezet\u0151 igazgat\u00f3ja.<\/span> Ez a j\u00e1szj\u00e1k\u00f3halmi telephellyel m\u0171k\u00f6d\u0151 c\u00e9g <span style=\"text-decoration: underline;\"><strong>300.000 Ft-ot \u00e1ldozott az \u00e1ltal\u00e1nos iskol\u00e1ra!<\/strong><\/span> Minden \u00e9rintettben az fogalmaz\u00f3dott meg, hogy vannak m\u00e9g rendes emberek, akik a nemes c\u00e9l \u00e9rdek\u00e9ben anyagi \u00e1ldozatokra is k\u00e9pesek! Az iskola dolgoz\u00f3i, tanul\u00f3i \u00e9s a sz\u00fcl\u0151k nagyon k\u00f6sz\u00f6nik ezt a felaj\u00e1nl\u00e1st! J\u00f3 eg\u00e9szs\u00e9get \u00e9s sok sikert k\u00edv\u00e1nnak a szakmai \u00e9s a mag\u00e1n\u00e9let\u00e9ben!<\/h4>\n<h4>J\u00e1szj\u00e1k\u00f3halma, 2016. szeptember<\/h4>\n","protected":false},"excerpt":{"rendered":"<p>&nbsp; A J\u00e1szj\u00e1k\u00f3halmi IV. B\u00e9la \u00c1ltal\u00e1nos Iskola a 2016\/2017-es tan\u00e9vet nagyobb technikai felszerelts\u00e9ggel kezdhette egy adom\u00e1nyoz\u00f3 j\u00f3volt\u00e1b\u00f3l. De vegy\u00fck sorba az esem\u00e9nyeket! 2016 nyar\u00e1n az&#8230;<\/p>\n","protected":false},"author":1,"featured_media":0,"comment_status":"closed","ping_status":"closed","sticky":false,"template":"","format":"aside","meta":[],"categories":[1],"tags":[],"_links":{"self":[{"href":"http:\/\/jaszoktatas.hu\/jaszjakohalma\/index.php?rest_route=\/wp\/v2\/posts\/306"}],"collection":[{"href":"http:\/\/jaszoktatas.hu\/jaszjakohalma\/index.php?rest_route=\/wp\/v2\/posts"}],"about":[{"href":"http:\/\/jaszoktatas.hu\/jaszjakohalma\/index.php?rest_route=\/wp\/v2\/types\/post"}],"author":[{"embeddable":true,"href":"http:\/\/jaszoktatas.hu\/jaszjakohalma\/index.php?rest_route=\/wp\/v2\/users\/1"}],"replies":[{"embeddable":true,"href":"http:\/\/jaszoktatas.hu\/jaszjakohalma\/index.php?rest_route=%2Fwp%2Fv2%2Fcomments&post=306"}],"version-history":[{"count":7,"href":"http:\/\/jaszoktatas.hu\/jaszjakohalma\/index.php?rest_route=\/wp\/v2\/posts\/306\/revisions"}],"predecessor-version":[{"id":315,"href":"http:\/\/jaszoktatas.hu\/jaszjakohalma\/index.php?rest_route=\/wp\/v2\/posts\/306\/revisions\/315"}],"wp:attachment":[{"href":"http:\/\/jaszoktatas.hu\/jaszjakohalma\/index.php?rest_route=%2Fwp%2Fv2%2Fmedia&parent=306"}],"wp:term":[{"taxonomy":"category","embeddable":true,"href":"http:\/\/jaszoktatas.hu\/jaszjakohalma\/index.php?rest_route=%2Fwp%2Fv2%2Fcategories&post=306"},{"taxonomy":"post_tag","embeddable":true,"href":"http:\/\/jaszoktatas.hu\/jaszjakohalma\/index.php?rest_route=%2Fwp%2Fv2%2Ftags&post=306"}],"curies":[{"name":"wp","href":"https:\/\/api.w.org\/{rel}","templated":true}]}}