{"id":275,"date":"2016-05-16T20:50:44","date_gmt":"2016-05-16T20:50:44","guid":{"rendered":"http:\/\/jaszoktatas.hu\/jaszjakohalma\/?p=275"},"modified":"2016-05-16T20:51:30","modified_gmt":"2016-05-16T20:51:30","slug":"275","status":"publish","type":"post","link":"http:\/\/jaszoktatas.hu\/jaszjakohalma\/?p=275","title":{"rendered":"A legjobbak munk\u00e1j\u00e1t ismert\u00e9k el a g\u00e1l\u00e1n"},"content":{"rendered":"<p><strong>A legjobbak munk\u00e1j\u00e1t ismert\u00e9k el a g\u00e1l\u00e1n<\/strong><\/p>\n<ol start=\"2016\">\n<li>m\u00e1jus 12. 17:25\u00a0<strong>Banka Csaba<\/strong><\/li>\n<\/ol>\n<p>&nbsp;<\/p>\n<p>A rendezv\u00e9ny \u00e9vr\u0151l \u00e9vre alkalmat teremt arra, hogy a tanker\u00fclet mintegy 4000 tanul\u00f3ja k\u00f6z\u00fcl elismerje a legjobbak, a p\u00e9lda\u00e9rt\u00e9k\u0171 tanulm\u00e1nyi munk\u00e1t v\u00e9gz\u0151k tev\u00e9kenys\u00e9g\u00e9t. A j\u00e1szber\u00e9nyi D\u00e9ryn\u00e9 Rendezv\u00e9nyh\u00e1zban Birinyi J\u00e1nos tanker\u00fcleti igazgat\u00f3 nyitotta meg a g\u00e1l\u00e1t, majd Sipos Imre az Emberi Er\u0151forr\u00e1sok Miniszt\u00e9riuma k\u00f6znevel\u00e9s\u00e9rt felel\u0151s helyettes \u00e1llamtitk\u00e1ra k\u00f6sz\u00f6nt\u0151j\u00e9ben az oktat\u00e1si rendszer fejleszt\u00e9s\u00e9nek, \u00e1talak\u00edt\u00e1s\u00e1nak fontoss\u00e1g\u00e1r\u00f3l sz\u00f3lt. Mint mondta szeretn\u00e9nek megold\u00e1sokat tal\u00e1lni az ut\u00f3bbi id\u0151szakban felsz\u00ednre ker\u00fclt probl\u00e9m\u00e1kra. Megfogalmaz\u00e1sa szerint az int\u00e9zm\u00e9nyek \u00e1llami fenntart\u00e1s\u00e1nak c\u00e9lja, hogy egyenl\u0151 felt\u00e9teleket biztos\u00edtsanak a di\u00e1kok sz\u00e1m\u00e1ra az orsz\u00e1g minden szeglet\u00e9ben. Fontosnak nevezte a tanterv \u00e1talak\u00edt\u00e1s\u00e1t is, amelyhez k\u00e9rte a pedag\u00f3gus koll\u00e9g\u00e1k seg\u00edts\u00e9g\u00e9t.<!--more--><\/p>\n<p>Hetven \u00e9vvel ezel\u0151tt szerezte meg n\u00e9piskolai tan\u00edt\u00f3i oklevel\u00e9t Macsi S\u00e1ndor nyugalmazott pedag\u00f3gus. Az id\u00e9n kilencven esztend\u0151s J\u00e1sz\u00e1g\u00f3n \u00e9l\u0151 pedag\u00f3gus sz\u00e1m\u00e1ra a helyettes \u00e1llamtitk\u00e1r ny\u00fajtotta \u00e1t a rubinoklevelet. A jubileum alkalm\u00e1b\u00f3l k\u00f6sz\u00f6nt\u00f6tte a tanker\u00fclet igazgat\u00f3ja, illetve Mozs\u00e1r L\u00e1szl\u00f3n\u00e9 J\u00e1sz\u00e1g\u00f3 polg\u00e1rmestere.<\/p>\n<p>&nbsp;<\/p>\n<p>A g\u00e1lam\u0171sorban k\u00f6zrem\u0171k\u00f6dtek a Lehel Vez\u00e9r Gimn\u00e1zium, a Palot\u00e1sy J\u00e1nos Zeneiskola, illetve a Vigan\u00f3 AMI n\u00f6vend\u00e9kei. A tantest\u00fcletek javaslata alapj\u00e1n h\u00fasz di\u00e1k vehetett \u00e1t elismer\u0151 oklevelet, a Kiv\u00e1l\u00f3s\u00e1g D\u00edjat pedig Tiborcz Bence a J\u00c1I Bercs\u00e9nyi Mikl\u00f3s \u00c1ltal\u00e1nos Iskolai Tagint\u00e9zm\u00e9ny\u00e9nek 8.b oszt\u00e1lyos tanul\u00f3ja, Kalup Csilla Enik\u0151 a Lehel Vez\u00e9r Gimn\u00e1zium 12.C oszt\u00e1lyos tanul\u00f3ja, valamint Vigh Benj\u00e1min a Palot\u00e1sy J\u00e1nos Zeneiskola tenork\u00fcrt szakos n\u00f6vend\u00e9ke, a Lehel Vez\u00e9r Gimn\u00e1zium 12.C oszt\u00e1lyos tanul\u00f3ja.<\/p>\n<p>&nbsp;<\/p>\n<p>Forr\u00e1s: <a href=\"http:\/\/www.szoljon.hu\/jasz-nagykun-szolnok\/kozelet\/a-legjobbak-munkajat-ismertek-el-a-galan-664685\">http:\/\/www.szoljon.hu\/jasz-nagykun-szolnok\/kozelet\/a-legjobbak-munkajat-ismertek-el-a-galan-664685<\/a><\/p>\n<p>Gal\u00e9ria:<\/p>\n<p><a href=\"http:\/\/www.szoljon.hu\/galerialp\/75746\">http:\/\/www.szoljon.hu\/galerialp\/75746<\/a><\/p>\n<p>&nbsp;<\/p>\n","protected":false},"excerpt":{"rendered":"<p>A legjobbak munk\u00e1j\u00e1t ismert\u00e9k el a g\u00e1l\u00e1n m\u00e1jus 12. 17:25\u00a0Banka Csaba &nbsp; A rendezv\u00e9ny \u00e9vr\u0151l \u00e9vre alkalmat teremt arra, hogy a tanker\u00fclet mintegy 4000 tanul\u00f3ja&#8230;<\/p>\n","protected":false},"author":1,"featured_media":0,"comment_status":"closed","ping_status":"closed","sticky":false,"template":"","format":"aside","meta":[],"categories":[1],"tags":[],"_links":{"self":[{"href":"http:\/\/jaszoktatas.hu\/jaszjakohalma\/index.php?rest_route=\/wp\/v2\/posts\/275"}],"collection":[{"href":"http:\/\/jaszoktatas.hu\/jaszjakohalma\/index.php?rest_route=\/wp\/v2\/posts"}],"about":[{"href":"http:\/\/jaszoktatas.hu\/jaszjakohalma\/index.php?rest_route=\/wp\/v2\/types\/post"}],"author":[{"embeddable":true,"href":"http:\/\/jaszoktatas.hu\/jaszjakohalma\/index.php?rest_route=\/wp\/v2\/users\/1"}],"replies":[{"embeddable":true,"href":"http:\/\/jaszoktatas.hu\/jaszjakohalma\/index.php?rest_route=%2Fwp%2Fv2%2Fcomments&post=275"}],"version-history":[{"count":2,"href":"http:\/\/jaszoktatas.hu\/jaszjakohalma\/index.php?rest_route=\/wp\/v2\/posts\/275\/revisions"}],"predecessor-version":[{"id":277,"href":"http:\/\/jaszoktatas.hu\/jaszjakohalma\/index.php?rest_route=\/wp\/v2\/posts\/275\/revisions\/277"}],"wp:attachment":[{"href":"http:\/\/jaszoktatas.hu\/jaszjakohalma\/index.php?rest_route=%2Fwp%2Fv2%2Fmedia&parent=275"}],"wp:term":[{"taxonomy":"category","embeddable":true,"href":"http:\/\/jaszoktatas.hu\/jaszjakohalma\/index.php?rest_route=%2Fwp%2Fv2%2Fcategories&post=275"},{"taxonomy":"post_tag","embeddable":true,"href":"http:\/\/jaszoktatas.hu\/jaszjakohalma\/index.php?rest_route=%2Fwp%2Fv2%2Ftags&post=275"}],"curies":[{"name":"wp","href":"https:\/\/api.w.org\/{rel}","templated":true}]}}