{"id":252,"date":"2016-03-06T08:04:19","date_gmt":"2016-03-06T08:04:19","guid":{"rendered":"http:\/\/jaszoktatas.hu\/jaszjakohalma\/?p=252"},"modified":"2016-03-06T08:05:05","modified_gmt":"2016-03-06T08:05:05","slug":"tajekoztato-az-iskola-diakonkormanyzatanak-ebben-a-tanevben-vegzett-munkajarol","status":"publish","type":"post","link":"http:\/\/jaszoktatas.hu\/jaszjakohalma\/?p=252","title":{"rendered":"T\u00e1j\u00e9koztat\u00f3  az iskola di\u00e1k\u00f6nkorm\u00e1nyzat\u00e1nak ebben a tan\u00e9vben v\u00e9gzett munk\u00e1j\u00e1r\u00f3l"},"content":{"rendered":"<p>Szeptember 1-\u00e9n megtartottuk a Tan\u00e9vnyit\u00f3 \u00fcnneps\u00e9get,amit a 2. oszt\u00e1lyosok versekkel,dalokkal,zen\u00e9vel sz\u00ednes\u00edtettek. Felk\u00e9sz\u00edt\u0151j\u00fck Sas G\u00e1born\u00e9 \u00e9s Bal\u00e1zs Anita volt. Ebben a h\u00f3napban D\u00d6K -gy\u0171l\u00e9s \u00e9s SZMK -gy\u0171l\u00e9s is volt.\u00a0 Megv\u00e1lasztottuk a di\u00e1kok vezet\u0151j\u00e9t, a sz\u00fcl\u0151i munkak\u00f6z\u00f6ss\u00e9g tagjait valamint az \u00faj eln\u00f6k\u00e9t is,aki Seres B\u00e9l\u00e1n\u00e9 lett.<!--more--><\/p>\n<p>Okt\u00f3ber elsej\u00e9n k\u00f6sz\u00f6nt\u00f6tt\u00fck az id\u0151seket a vil\u00e1gnap alkalm\u00e1b\u00f3l. Felk\u00e9sz\u00edt\u0151 nevel\u0151k: Sas G\u00e1born\u00e9 \u00e9s Bal\u00e1zs Anita. Okt\u00f3ber 6-\u00e1n megeml\u00e9kezt\u00fcnk az aradi v\u00e9rtan\u00fakr\u00f3l Mih\u00e1lyin\u00e9 Czig\u00e1ny M\u00f3nika vezet\u00e9s\u00e9vel. November 5-\u00e9n hullad\u00e9kot gy\u0171jt\u00f6tt\u00fcnk. December 4-\u00e9n minden oszt\u00e1lyf\u0151n\u00f6k seg\u00edts\u00e9g\u00e9vel megtartottuk a Mikul\u00e1s \u00fcnneps\u00e9get, a fels\u0151sek disc\u00f3ztak. 11-\u00e9n 58-an a F\u0151v\u00e1rosi Nagycirkusz sz\u00ednvonalas m\u0171sor\u00e1t n\u00e9zhett\u00fck meg. Ezen a napon az Id\u0151sek Klubj\u00e1ban a 2. oszt\u00e1lyosok kar\u00e1csonyi verseket,dalokat adtak el\u0151 az id\u0151skor\u00faaknak,a m\u00e1sodik oszt\u00e1lyos tan\u00edt\u00f3 n\u00e9nik vezet\u00e9s\u00e9vel. 12-\u00e9n a megszokott k\u00e9zm\u0171ves foglalkoz\u00e1st a j\u00e1szkis\u00e9ri Csete Bal\u00e1zs Honismereti Szakk\u00f6r tagjai tartott\u00e1k. 18-\u00e1n az 5. \u00e9s 6. oszt\u00e1lyosok kar\u00e1csonyi m\u0171sor\u00e1val z\u00e1rtuk le a decemberi programokat.Ezt a m\u0171sort Forg\u00e1cs Csab\u00e1n\u00e9 \u00e9s Mih\u00e1lyin\u00e9 Czig\u00e1ny M\u00f3nika \u00e1ll\u00edtotta \u00f6ssze \u00e9s tan\u00edtotta be. Janu\u00e1r 22-\u00e9n r\u00f6viden megeml\u00e9kezt\u00fcnk a magyar kult\u00fara napj\u00e1r\u00f3l. Febru\u00e1r 13-\u00e1n volt a farsangi b\u00e1lunk,aminek bev\u00e9tel\u00e9t az erdei iskol\u00e1ra,a gyermeknapi kir\u00e1ndul\u00e1sra valamint udvari j\u00e1t\u00e9kok v\u00e1s\u00e1rl\u00e1s\u00e1ra ford\u00edtunk. Az eredi iskola helysz\u00edne id\u00e9n Gyomaendr\u0151d lesz. Jelenleg ennek a szervez\u00e9se folyik.<\/p>\n<div><\/div>\n<div>Iskolanyitogat\u00f3<\/div>\n<div><\/div>\n<div>A IV. B\u00e9la \u00c1ltal\u00e1nos Iskol\u00e1ban a leend\u0151 els\u0151 oszt\u00e1lyosok r\u00e9sz\u00e9re iskolanyitogat\u00f3 programsorozat indult,amit Boricsn\u00e9 Heged\u0171s Zsuzsanna leend\u0151 els\u0151s tan\u00edt\u00f3 n\u00e9ni tart. A foglalkoz\u00e1sok t\u00e9m\u00e1i:t\u00e1j\u00e9koz\u00f3d\u00e1s t\u00e9rben \u00e9s id\u0151ben,barangol\u00e1s a matematika \u00e9s az anyanyelv vil\u00e1g\u00e1ban,valamint tavaszi mocorg\u00f3. Szeretettel v\u00e1runk tov\u00e1bbra is minden \u00e9rdekl\u0151d\u0151t! K\u00fcl\u00f6n k\u00f6sz\u00f6net azoknak a sz\u00fcl\u0151knek,akik id\u0151t \u00e9s f\u00e1rads\u00e1got nem k\u00edm\u00e9lve elhozz\u00e1k gyermekeiket a d\u00e9lut\u00e1ni foglalkoz\u00e1sokra!<\/div>\n<div><\/div>\n<div>2016.03.04.<\/div>\n<div><\/div>\n<div>Sas G\u00e1born\u00e9<\/div>\n<div><\/div>\n<div>D\u00d6K seg\u00edt\u0151 pedag\u00f3gus<\/div>\n","protected":false},"excerpt":{"rendered":"<p>Szeptember 1-\u00e9n megtartottuk a Tan\u00e9vnyit\u00f3 \u00fcnneps\u00e9get,amit a 2. oszt\u00e1lyosok versekkel,dalokkal,zen\u00e9vel sz\u00ednes\u00edtettek. Felk\u00e9sz\u00edt\u0151j\u00fck Sas G\u00e1born\u00e9 \u00e9s Bal\u00e1zs Anita volt. Ebben a h\u00f3napban D\u00d6K -gy\u0171l\u00e9s \u00e9s SZMK&#8230;<\/p>\n","protected":false},"author":1,"featured_media":0,"comment_status":"closed","ping_status":"closed","sticky":false,"template":"","format":"aside","meta":[],"categories":[1],"tags":[],"_links":{"self":[{"href":"http:\/\/jaszoktatas.hu\/jaszjakohalma\/index.php?rest_route=\/wp\/v2\/posts\/252"}],"collection":[{"href":"http:\/\/jaszoktatas.hu\/jaszjakohalma\/index.php?rest_route=\/wp\/v2\/posts"}],"about":[{"href":"http:\/\/jaszoktatas.hu\/jaszjakohalma\/index.php?rest_route=\/wp\/v2\/types\/post"}],"author":[{"embeddable":true,"href":"http:\/\/jaszoktatas.hu\/jaszjakohalma\/index.php?rest_route=\/wp\/v2\/users\/1"}],"replies":[{"embeddable":true,"href":"http:\/\/jaszoktatas.hu\/jaszjakohalma\/index.php?rest_route=%2Fwp%2Fv2%2Fcomments&post=252"}],"version-history":[{"count":1,"href":"http:\/\/jaszoktatas.hu\/jaszjakohalma\/index.php?rest_route=\/wp\/v2\/posts\/252\/revisions"}],"predecessor-version":[{"id":253,"href":"http:\/\/jaszoktatas.hu\/jaszjakohalma\/index.php?rest_route=\/wp\/v2\/posts\/252\/revisions\/253"}],"wp:attachment":[{"href":"http:\/\/jaszoktatas.hu\/jaszjakohalma\/index.php?rest_route=%2Fwp%2Fv2%2Fmedia&parent=252"}],"wp:term":[{"taxonomy":"category","embeddable":true,"href":"http:\/\/jaszoktatas.hu\/jaszjakohalma\/index.php?rest_route=%2Fwp%2Fv2%2Fcategories&post=252"},{"taxonomy":"post_tag","embeddable":true,"href":"http:\/\/jaszoktatas.hu\/jaszjakohalma\/index.php?rest_route=%2Fwp%2Fv2%2Ftags&post=252"}],"curies":[{"name":"wp","href":"https:\/\/api.w.org\/{rel}","templated":true}]}}