{"id":204,"date":"2015-11-19T22:06:40","date_gmt":"2015-11-19T22:06:40","guid":{"rendered":"http:\/\/jaszoktatas.hu\/jaszjakohalma\/?p=204"},"modified":"2015-11-19T22:07:06","modified_gmt":"2015-11-19T22:07:06","slug":"3-tematikus-nap","status":"publish","type":"post","link":"http:\/\/jaszoktatas.hu\/jaszjakohalma\/?p=204","title":{"rendered":"3. tematikus nap"},"content":{"rendered":"<p>A &#8220;gyermekek a mez\u0151gazdas\u00e1gban&#8221; projekt 3. tematikus napj\u00e1nak J\u00e1szap\u00e1ti adott otthont.<\/p>\n<div>A program keret\u00e9ben megtekinthett\u00fck \u00e9s s\u00e9t\u00e1lhattunk a v\u00e1ros \u00fajonnan \u00e9p\u00fclt parkj\u00e1ban. A vezet\u0151 itt elmagyar\u00e1zta,mik\u00e9nt tervezte meg a f\u0151t\u00e9r vir\u00e1gait.Sz\u00f3 esett a term\u00e9szetben \u00e9l\u0151 madarakr\u00f3l is. Aki a k\u00e9rd\u00e9sekre \u00fcgyesen v\u00e1laszolt,vir\u00e1gpal\u00e1nt\u00e1t is kaphatott.<\/div>\n<div>K\u00e9t m\u00e1sik helysz\u00ednen k\u00fcl\u00f6nb\u00f6z\u0151 j\u00e1t\u00e9kos feladatokat oldhattunk meg,illetve interakt\u00edv el\u0151ad\u00e1son mondhattuk el gondolatainkat a kivet\u00edtett k\u00e9pek alapj\u00e1n.<\/div>\n<div>Igen tetszett csoportunknak a b\u00f6lcs\u0151de udvar\u00e1n l\u00e1tott t\u00f6kl\u00e1mp\u00e1s,t\u00f6kfigur\u00e1s ki\u00e1ll\u00edt\u00e1s is.<\/div>\n<div>Kellemesen telt sz\u00e1munkra ez a szombat d\u00e9lel\u0151tt is.<\/div>\n<div><\/div>\n<div>\u00a0 \u00a0 \u00a0 \u00a0 \u00a0 \u00a0 \u00a0 \u00a0 \u00a0 \u00a0 \u00a0 \u00a0 \u00a0 \u00a0 \u00a0 \u00a0 \u00a0 \u00a0 \u00a0 \u00a0 \u00a0 \u00a0 \u00a0 \u00a0 \u00a0 \u00a0 \u00a0 \u00a0 A IV, B\u00e9la \u00c1lt. Isk. tanul\u00f3i<\/div>\n","protected":false},"excerpt":{"rendered":"<p>A &#8220;gyermekek a mez\u0151gazdas\u00e1gban&#8221; projekt 3. tematikus napj\u00e1nak J\u00e1szap\u00e1ti adott otthont. A program keret\u00e9ben megtekinthett\u00fck \u00e9s s\u00e9t\u00e1lhattunk a v\u00e1ros \u00fajonnan \u00e9p\u00fclt parkj\u00e1ban. A vezet\u0151 itt&#8230;<\/p>\n","protected":false},"author":1,"featured_media":0,"comment_status":"closed","ping_status":"closed","sticky":false,"template":"","format":"aside","meta":[],"categories":[1],"tags":[],"_links":{"self":[{"href":"http:\/\/jaszoktatas.hu\/jaszjakohalma\/index.php?rest_route=\/wp\/v2\/posts\/204"}],"collection":[{"href":"http:\/\/jaszoktatas.hu\/jaszjakohalma\/index.php?rest_route=\/wp\/v2\/posts"}],"about":[{"href":"http:\/\/jaszoktatas.hu\/jaszjakohalma\/index.php?rest_route=\/wp\/v2\/types\/post"}],"author":[{"embeddable":true,"href":"http:\/\/jaszoktatas.hu\/jaszjakohalma\/index.php?rest_route=\/wp\/v2\/users\/1"}],"replies":[{"embeddable":true,"href":"http:\/\/jaszoktatas.hu\/jaszjakohalma\/index.php?rest_route=%2Fwp%2Fv2%2Fcomments&post=204"}],"version-history":[{"count":1,"href":"http:\/\/jaszoktatas.hu\/jaszjakohalma\/index.php?rest_route=\/wp\/v2\/posts\/204\/revisions"}],"predecessor-version":[{"id":205,"href":"http:\/\/jaszoktatas.hu\/jaszjakohalma\/index.php?rest_route=\/wp\/v2\/posts\/204\/revisions\/205"}],"wp:attachment":[{"href":"http:\/\/jaszoktatas.hu\/jaszjakohalma\/index.php?rest_route=%2Fwp%2Fv2%2Fmedia&parent=204"}],"wp:term":[{"taxonomy":"category","embeddable":true,"href":"http:\/\/jaszoktatas.hu\/jaszjakohalma\/index.php?rest_route=%2Fwp%2Fv2%2Fcategories&post=204"},{"taxonomy":"post_tag","embeddable":true,"href":"http:\/\/jaszoktatas.hu\/jaszjakohalma\/index.php?rest_route=%2Fwp%2Fv2%2Ftags&post=204"}],"curies":[{"name":"wp","href":"https:\/\/api.w.org\/{rel}","templated":true}]}}