{"id":191,"date":"2015-11-19T21:55:52","date_gmt":"2015-11-19T21:55:52","guid":{"rendered":"http:\/\/jaszoktatas.hu\/jaszjakohalma\/?p=191"},"modified":"2016-03-06T07:48:28","modified_gmt":"2016-03-06T07:48:28","slug":"csaladi-nap","status":"publish","type":"post","link":"http:\/\/jaszoktatas.hu\/jaszjakohalma\/?p=191","title":{"rendered":"Csal\u00e1di nap"},"content":{"rendered":"<pre>2015.november 14-\u00e9n a \" Gyermekek a mez\u0151gazdas\u00e1gban \" projekt keretein\r\nbel\u00fcl egy \u00fajabb csal\u00e1di napon vehett\u00fcnk r\u00e9szt,amihez most a j\u00e1szkis\u00e9ri\r\niskola adta a m\u00e9lt\u00f3 helysz\u00ednt. A mi iskol\u00e1nkb\u00f3l nagyon sokan,49-en\r\nvett\u00fcnk r\u00e9szt.\r\nEl\u0151zetes szervez\u00e9s ut\u00e1n szombat reggel busszal indultunk a helysz\u00ednre.\r\nOtt,egy r\u00f6vid megnyit\u00f3 ut\u00e1n Jancsi boh\u00f3c sz\u00f3rakoztatott benn\u00fcnket.\r\nKiad\u00f3s reggeli ut\u00e1n az iskola udvar\u00e1ra vezetett minket Tibi b\u00e1csi,ahol\r\nkipr\u00f3b\u00e1lhattuk,milyen tehets\u00e9gesek vagyunk \u00edj\u00e1szkod\u00e1sban. :)  Ezt\r\nk\u00f6vette a nagyon \u00e9rdekes k\u00e9zm\u0171ves foglalkoz\u00e1s. Itt a n\u00e9nik nagyon\r\nkedvesen \u00e9s t\u00fcrelmesen adt\u00e1k \u00e1t nek\u00fcnk nem kis tud\u00e1sukat. A\r\ntornateremben megmozgathattuk rozsd\u00e1s izmainkat. Itt sorversenyek\r\nvoltak,vegyes csapatokkal. M\u00e9g a legkisebb \u00f3vod\u00e1sok is nagyon\r\nhajtottak a gy\u0151zelem\u00e9rt. J\u00f3l elf\u00e1radtunk \u00e9s meg is \u00e9hezt\u00fcnk,ez\u00e9rt j\u00f3l\r\nesett az ezt k\u00f6vet\u0151 \u00edzletes eb\u00e9d. Eb\u00e9d ut\u00e1n m\u00e9g egy t\u00e1nch\u00e1zi \u00f3ra v\u00e1rt\r\nr\u00e1nk. Ezut\u00e1n sajnos el kellett b\u00facs\u00faznunk,mert a v\u00e1rva-v\u00e1rt\r\nlubickol\u00e1s,technikai okok miatt nem val\u00f3sulhatott meg.\r\nNagyon kellemesen telt el ez a nap is.\r\n Sajn\u00e1ljuk,hogy v\u00e9get \u00e9rt a projekt,de rem\u00e9nyked\u00fcnk benne,hogy egy\r\nm\u00e1sik keret\u00e9ben m\u00e9g tal\u00e1lkozhatunk az itt megismert\r\nkoll\u00e9g\u00e1kkal,szervez\u0151kkel,gyerekekkel.\r\nA magam \u00e9s a gyerekek nev\u00e9ben nagyon k\u00f6sz\u00f6nj\u00fck,hogy a r\u00e9szesei\r\nlehett\u00fcnk ennek a nagyszer\u0171 p\u00e1ly\u00e1zatnak! :)\r\n<a href=\"http:\/\/jaszoktatas.hu\/jaszjakohalma\/wp-content\/uploads\/2015\/11\/WP_20151114_10_18_53_Pro.jpg\"><img loading=\"lazy\" class=\"alignnone size-thumbnail wp-image-192\" src=\"http:\/\/jaszoktatas.hu\/jaszjakohalma\/wp-content\/uploads\/2015\/11\/WP_20151114_10_18_53_Pro-150x150.jpg\" alt=\"WP_20151114_10_18_53_Pro\" width=\"150\" height=\"150\" \/><\/a> <a href=\"http:\/\/jaszoktatas.hu\/jaszjakohalma\/wp-content\/uploads\/2015\/11\/WP_20151114_10_24_59_Pro.jpg\"><img loading=\"lazy\" class=\"alignnone size-thumbnail wp-image-193\" src=\"http:\/\/jaszoktatas.hu\/jaszjakohalma\/wp-content\/uploads\/2015\/11\/WP_20151114_10_24_59_Pro-150x150.jpg\" alt=\"WP_20151114_10_24_59_Pro\" width=\"150\" height=\"150\" \/><\/a> <a href=\"http:\/\/jaszoktatas.hu\/jaszjakohalma\/wp-content\/uploads\/2015\/11\/WP_20151114_10_57_19_Pro.jpg\"><img loading=\"lazy\" class=\"alignnone size-thumbnail wp-image-194\" src=\"http:\/\/jaszoktatas.hu\/jaszjakohalma\/wp-content\/uploads\/2015\/11\/WP_20151114_10_57_19_Pro-150x150.jpg\" alt=\"WP_20151114_10_57_19_Pro\" width=\"150\" height=\"150\" \/><\/a> <a href=\"http:\/\/jaszoktatas.hu\/jaszjakohalma\/wp-content\/uploads\/2015\/11\/WP_20151114_11_37_29_Pro.jpg\"><img loading=\"lazy\" class=\"alignnone size-thumbnail wp-image-195\" src=\"http:\/\/jaszoktatas.hu\/jaszjakohalma\/wp-content\/uploads\/2015\/11\/WP_20151114_11_37_29_Pro-150x150.jpg\" alt=\"WP_20151114_11_37_29_Pro\" width=\"150\" height=\"150\" \/><\/a> <a href=\"http:\/\/jaszoktatas.hu\/jaszjakohalma\/wp-content\/uploads\/2015\/11\/WP_20151114_11_38_50_Pro.jpg\"><img loading=\"lazy\" class=\"alignnone size-thumbnail wp-image-196\" src=\"http:\/\/jaszoktatas.hu\/jaszjakohalma\/wp-content\/uploads\/2015\/11\/WP_20151114_11_38_50_Pro-150x150.jpg\" alt=\"WP_20151114_11_38_50_Pro\" width=\"150\" height=\"150\" \/><\/a> <a href=\"http:\/\/jaszoktatas.hu\/jaszjakohalma\/wp-content\/uploads\/2015\/11\/WP_20151114_11_39_34_Pro.jpg\"><img loading=\"lazy\" class=\"alignnone size-thumbnail wp-image-197\" src=\"http:\/\/jaszoktatas.hu\/jaszjakohalma\/wp-content\/uploads\/2015\/11\/WP_20151114_11_39_34_Pro-150x150.jpg\" alt=\"WP_20151114_11_39_34_Pro\" width=\"150\" height=\"150\" \/><\/a> <a href=\"http:\/\/jaszoktatas.hu\/jaszjakohalma\/wp-content\/uploads\/2015\/11\/WP_20151114_11_39_46_Pro.jpg\"><img loading=\"lazy\" class=\"alignnone size-thumbnail wp-image-198\" src=\"http:\/\/jaszoktatas.hu\/jaszjakohalma\/wp-content\/uploads\/2015\/11\/WP_20151114_11_39_46_Pro-150x150.jpg\" alt=\"WP_20151114_11_39_46_Pro\" width=\"150\" height=\"150\" \/><\/a> <a href=\"http:\/\/jaszoktatas.hu\/jaszjakohalma\/wp-content\/uploads\/2015\/11\/WP_20151114_12_07_39_Pro.jpg\"><img loading=\"lazy\" class=\"alignnone size-thumbnail wp-image-199\" src=\"http:\/\/jaszoktatas.hu\/jaszjakohalma\/wp-content\/uploads\/2015\/11\/WP_20151114_12_07_39_Pro-150x150.jpg\" alt=\"WP_20151114_12_07_39_Pro\" width=\"150\" height=\"150\" \/><\/a> <a href=\"http:\/\/jaszoktatas.hu\/jaszjakohalma\/wp-content\/uploads\/2015\/11\/WP_20151114_12_22_34_Pro.jpg\"><img loading=\"lazy\" class=\"alignnone size-thumbnail wp-image-200\" src=\"http:\/\/jaszoktatas.hu\/jaszjakohalma\/wp-content\/uploads\/2015\/11\/WP_20151114_12_22_34_Pro-150x150.jpg\" alt=\"WP_20151114_12_22_34_Pro\" width=\"150\" height=\"150\" \/><\/a> <a href=\"http:\/\/jaszoktatas.hu\/jaszjakohalma\/wp-content\/uploads\/2015\/11\/WP_20151114_12_46_57_Pro.jpg\"><img loading=\"lazy\" class=\"alignnone size-thumbnail wp-image-201\" src=\"http:\/\/jaszoktatas.hu\/jaszjakohalma\/wp-content\/uploads\/2015\/11\/WP_20151114_12_46_57_Pro-150x150.jpg\" alt=\"WP_20151114_12_46_57_Pro\" width=\"150\" height=\"150\" \/><\/a> <a href=\"http:\/\/jaszoktatas.hu\/jaszjakohalma\/wp-content\/uploads\/2015\/11\/WP_20151114_13_47_10_Pro.jpg\"><img loading=\"lazy\" class=\"alignnone size-thumbnail wp-image-202\" src=\"http:\/\/jaszoktatas.hu\/jaszjakohalma\/wp-content\/uploads\/2015\/11\/WP_20151114_13_47_10_Pro-150x150.jpg\" alt=\"WP_20151114_13_47_10_Pro\" width=\"150\" height=\"150\" \/><\/a><\/pre>\n<p><!--more--><\/p>\n","protected":false},"excerpt":{"rendered":"<p>2015.november 14-\u00e9n a &#8221; Gyermekek a mez\u0151gazdas\u00e1gban &#8221; projekt keretein bel\u00fcl egy \u00fajabb csal\u00e1di napon vehett\u00fcnk r\u00e9szt,amihez most a j\u00e1szkis\u00e9ri iskola adta a m\u00e9lt\u00f3 helysz\u00ednt&#8230;.<\/p>\n","protected":false},"author":1,"featured_media":0,"comment_status":"closed","ping_status":"closed","sticky":false,"template":"","format":"aside","meta":[],"categories":[1],"tags":[],"_links":{"self":[{"href":"http:\/\/jaszoktatas.hu\/jaszjakohalma\/index.php?rest_route=\/wp\/v2\/posts\/191"}],"collection":[{"href":"http:\/\/jaszoktatas.hu\/jaszjakohalma\/index.php?rest_route=\/wp\/v2\/posts"}],"about":[{"href":"http:\/\/jaszoktatas.hu\/jaszjakohalma\/index.php?rest_route=\/wp\/v2\/types\/post"}],"author":[{"embeddable":true,"href":"http:\/\/jaszoktatas.hu\/jaszjakohalma\/index.php?rest_route=\/wp\/v2\/users\/1"}],"replies":[{"embeddable":true,"href":"http:\/\/jaszoktatas.hu\/jaszjakohalma\/index.php?rest_route=%2Fwp%2Fv2%2Fcomments&post=191"}],"version-history":[{"count":3,"href":"http:\/\/jaszoktatas.hu\/jaszjakohalma\/index.php?rest_route=\/wp\/v2\/posts\/191\/revisions"}],"predecessor-version":[{"id":251,"href":"http:\/\/jaszoktatas.hu\/jaszjakohalma\/index.php?rest_route=\/wp\/v2\/posts\/191\/revisions\/251"}],"wp:attachment":[{"href":"http:\/\/jaszoktatas.hu\/jaszjakohalma\/index.php?rest_route=%2Fwp%2Fv2%2Fmedia&parent=191"}],"wp:term":[{"taxonomy":"category","embeddable":true,"href":"http:\/\/jaszoktatas.hu\/jaszjakohalma\/index.php?rest_route=%2Fwp%2Fv2%2Fcategories&post=191"},{"taxonomy":"post_tag","embeddable":true,"href":"http:\/\/jaszoktatas.hu\/jaszjakohalma\/index.php?rest_route=%2Fwp%2Fv2%2Ftags&post=191"}],"curies":[{"name":"wp","href":"https:\/\/api.w.org\/{rel}","templated":true}]}}