{"id":182,"date":"2015-11-15T21:15:31","date_gmt":"2015-11-15T21:15:31","guid":{"rendered":"http:\/\/jaszoktatas.hu\/jaszjakohalma\/?p=182"},"modified":"2015-11-15T21:15:51","modified_gmt":"2015-11-15T21:15:51","slug":"tematikus-nap-jaszkiseren","status":"publish","type":"post","link":"http:\/\/jaszoktatas.hu\/jaszjakohalma\/?p=182","title":{"rendered":"Tematikus nap J\u00e1szkis\u00e9ren"},"content":{"rendered":"<div>2015. okt\u00f3ber 11-\u00e9n a p\u00e1ly\u00e1zatunk k\u00f6vetkez\u0151 \u00e1llom\u00e1sa a j\u00e1szkis\u00e9ri \u00e1ltal\u00e1nos iskola volt,ott tartottuk meg a m\u00e1sodik tematikus napot.<\/div>\n<p><!--more--><\/p>\n<div>\u00c9rkez\u00e9s ut\u00e1n egy k\u00f6z\u00f6s k\u00f6sz\u00f6nt\u0151 volt,ahol elmondt\u00e1k,milyen programok v\u00e1rhat\u00f3ak.ezut\u00e1n reggeli k\u00f6vetkezett,majd minden csoport elindult a sz\u00e1m\u00e1ra kijel\u00f6lt \u00e1llom\u00e1s helyre.<\/div>\n<div>Mi el\u0151sz\u00f6r t\u00e1rsas j\u00e1t\u00e9koztunk,teszteket t\u00f6lt\u00f6tt\u00fcnk ki,\u00e9s k\u00fcl\u00f6nb\u00f6z\u0151 j\u00e1t\u00e9kos feladatokat kaptunk a mez\u0151gazdas\u00e1ggal \u00e9s az \u00e1llatteny\u00e9szt\u00e9ssel kapcsolatban.<\/div>\n<div>A k\u00f6vetkez\u0151 \u00e1llom\u00e1son interakt\u00edv el\u0151ad\u00e1st hallgattunk meg \u00fagyszint\u00e9n a gazd\u00e1lkod\u00e1ssal \u00f6sszef\u00fcgg\u00e9sben.<\/div>\n<div>Az utols\u00f3 hely az iskola uszod\u00e1ja volt,ahol pancsolhattunk \u00e9s kipr\u00f3b\u00e1lhattuk a kondig\u00e9peket.<\/div>\n<div>J\u00f3l \u00e9rezt\u00fck magunkat.<\/div>\n<div><\/div>\n<div>Nagy L\u00e1szl\u00f3<\/div>\n<div>\u00a0 \u00a0 6. o.<\/div>\n<div><a href=\"http:\/\/jaszoktatas.hu\/jaszjakohalma\/wp-content\/uploads\/2015\/11\/WP_20151011_09_07_36_Pro.jpg\"><img loading=\"lazy\" class=\"alignnone size-thumbnail wp-image-183\" src=\"http:\/\/jaszoktatas.hu\/jaszjakohalma\/wp-content\/uploads\/2015\/11\/WP_20151011_09_07_36_Pro-150x150.jpg\" alt=\"WP_20151011_09_07_36_Pro\" width=\"150\" height=\"150\" \/><\/a> <a href=\"http:\/\/jaszoktatas.hu\/jaszjakohalma\/wp-content\/uploads\/2015\/11\/WP_20151011_10_02_53_Pro.jpg\"><img loading=\"lazy\" class=\"alignnone size-thumbnail wp-image-184\" src=\"http:\/\/jaszoktatas.hu\/jaszjakohalma\/wp-content\/uploads\/2015\/11\/WP_20151011_10_02_53_Pro-150x150.jpg\" alt=\"WP_20151011_10_02_53_Pro\" width=\"150\" height=\"150\" \/><\/a> <a href=\"http:\/\/jaszoktatas.hu\/jaszjakohalma\/wp-content\/uploads\/2015\/11\/WP_20151011_12_07_52_Pro.jpg\"><img loading=\"lazy\" class=\"alignnone size-thumbnail wp-image-185\" src=\"http:\/\/jaszoktatas.hu\/jaszjakohalma\/wp-content\/uploads\/2015\/11\/WP_20151011_12_07_52_Pro-150x150.jpg\" alt=\"WP_20151011_12_07_52_Pro\" width=\"150\" height=\"150\" \/><\/a><\/div>\n<div><\/div>\n","protected":false},"excerpt":{"rendered":"<p>2015. okt\u00f3ber 11-\u00e9n a p\u00e1ly\u00e1zatunk k\u00f6vetkez\u0151 \u00e1llom\u00e1sa a j\u00e1szkis\u00e9ri \u00e1ltal\u00e1nos iskola volt,ott tartottuk meg a m\u00e1sodik tematikus napot.<\/p>\n","protected":false},"author":1,"featured_media":0,"comment_status":"closed","ping_status":"closed","sticky":false,"template":"","format":"aside","meta":[],"categories":[1],"tags":[],"_links":{"self":[{"href":"http:\/\/jaszoktatas.hu\/jaszjakohalma\/index.php?rest_route=\/wp\/v2\/posts\/182"}],"collection":[{"href":"http:\/\/jaszoktatas.hu\/jaszjakohalma\/index.php?rest_route=\/wp\/v2\/posts"}],"about":[{"href":"http:\/\/jaszoktatas.hu\/jaszjakohalma\/index.php?rest_route=\/wp\/v2\/types\/post"}],"author":[{"embeddable":true,"href":"http:\/\/jaszoktatas.hu\/jaszjakohalma\/index.php?rest_route=\/wp\/v2\/users\/1"}],"replies":[{"embeddable":true,"href":"http:\/\/jaszoktatas.hu\/jaszjakohalma\/index.php?rest_route=%2Fwp%2Fv2%2Fcomments&post=182"}],"version-history":[{"count":1,"href":"http:\/\/jaszoktatas.hu\/jaszjakohalma\/index.php?rest_route=\/wp\/v2\/posts\/182\/revisions"}],"predecessor-version":[{"id":186,"href":"http:\/\/jaszoktatas.hu\/jaszjakohalma\/index.php?rest_route=\/wp\/v2\/posts\/182\/revisions\/186"}],"wp:attachment":[{"href":"http:\/\/jaszoktatas.hu\/jaszjakohalma\/index.php?rest_route=%2Fwp%2Fv2%2Fmedia&parent=182"}],"wp:term":[{"taxonomy":"category","embeddable":true,"href":"http:\/\/jaszoktatas.hu\/jaszjakohalma\/index.php?rest_route=%2Fwp%2Fv2%2Fcategories&post=182"},{"taxonomy":"post_tag","embeddable":true,"href":"http:\/\/jaszoktatas.hu\/jaszjakohalma\/index.php?rest_route=%2Fwp%2Fv2%2Ftags&post=182"}],"curies":[{"name":"wp","href":"https:\/\/api.w.org\/{rel}","templated":true}]}}