{"id":176,"date":"2015-11-13T17:58:09","date_gmt":"2015-11-13T17:58:09","guid":{"rendered":"http:\/\/jaszoktatas.hu\/jaszjakohalma\/?p=176"},"modified":"2015-11-14T23:23:31","modified_gmt":"2015-11-14T23:23:31","slug":"kirandulas-jaszkiserre-es-jaszivanyba","status":"publish","type":"post","link":"http:\/\/jaszoktatas.hu\/jaszjakohalma\/?p=176","title":{"rendered":"Kir\u00e1ndul\u00e1s J\u00e1szkis\u00e9rre \u00e9s J\u00e1sziv\u00e1nyba"},"content":{"rendered":"<div>2015. okt\u00f3ber 7-\u00e9n egy \u00fajabb \u00e1llom\u00e1sa k\u00f6vetkezett a Gyermekek a mez\u0151gazdas\u00e1gban c. p\u00e1ly\u00e1zatnak.<\/div>\n<div>Ell\u00e1togattunk a j\u00e1szap\u00e1ti tangazdas\u00e1gba,\u00e9s megn\u00e9zt\u00fck J\u00e1sziv\u00e1ny nevezetess\u00e9geit.Az els\u0151 \u00e1llom\u00e1s Ap\u00e1ti volt.<\/div>\n<p><!--more--><\/p>\n<div>Itt szarvasmarh\u00e1kat,juhokat,kecsk\u00e9ket,nyulakat,baromfiakat,sert\u00e9seket l\u00e1ttunk,\u00e9s meghallgattuk,hogy milyen k\u00f6r\u00fclm\u00e9nyekre van sz\u00fcks\u00e9g\u00fck a tart\u00e1sukhoz. Utaztunk lovaskocsival,amit nagyon \u00e9lvezt\u00fcnk. Finom t\u00edz\u00f3rait is kaptunk,ami mag\u00e1ba foglalta a h\u00e1zi teh\u00e9n sajt t\u00f6bb v\u00e1ltozat\u00e1t is.Egy b\u00e1csi nagyon r\u00e9szletesen elmagyar\u00e1zta,hogy melyik mez\u0151gazdas\u00e1gi g\u00e9pet mire haszn\u00e1ljuk,\u00e9s kipr\u00f3b\u00e1lhattuk azt is,milyen traktorban \u00fclni.<\/div>\n<div>Ezut\u00e1n \u00e1tbuszoztunk Iv\u00e1nyra,ahol a polg\u00e1rmester b\u00e1csi fogadott minket. Elvezetett mindenkit a helyi f\u0171szerpaprika dar\u00e1l\u00f3ba,gy\u00f6ny\u00f6rk\u00f6dhett\u00fcnk a Fazekash\u00e1z szebbn\u00e9l -szebb term\u00e9k\u00e9ben. Megn\u00e9zt\u00fck a T\u00e1jh\u00e1zat,majd egy j\u00f3t j\u00e1tszottunk a helyi j\u00e1tsz\u00f3t\u00e9ren.<\/div>\n<div>F\u00e1radtan \u00e9rkezt\u00fcnk haza,de nagyon j\u00f3l \u00e9rezt\u00fck magunkat.<\/div>\n<div><\/div>\n<div>Seres Fl\u00f3ra<\/div>\n<div>\u00a0 \u00a0 6. o.<\/div>\n<div>\n<div data-carousel-extra='{\"blog_id\":1,\"permalink\":\"http:\\\/\\\/jaszoktatas.hu\\\/jaszjakohalma\\\/?p=176\",\"likes_blog_id\":false}' id='gallery-1' class='gallery galleryid-176 gallery-columns-3 gallery-size-thumbnail'><figure class='gallery-item'>\n\t\t\t<div class='gallery-icon landscape'>\n\t\t\t\t<a href='http:\/\/jaszoktatas.hu\/jaszjakohalma\/?attachment_id=177'><img width=\"150\" height=\"150\" src=\"http:\/\/jaszoktatas.hu\/jaszjakohalma\/wp-content\/uploads\/2015\/11\/IMG_1391-150x150.jpg\" class=\"attachment-thumbnail size-thumbnail\" alt=\"\" loading=\"lazy\" data-attachment-id=\"177\" data-orig-file=\"http:\/\/jaszoktatas.hu\/jaszjakohalma\/wp-content\/uploads\/2015\/11\/IMG_1391.jpg\" data-orig-size=\"3264,2448\" data-comments-opened=\"0\" data-image-meta=\"{&quot;aperture&quot;:&quot;4&quot;,&quot;credit&quot;:&quot;&quot;,&quot;camera&quot;:&quot;Canon PowerShot SX160 IS&quot;,&quot;caption&quot;:&quot;&quot;,&quot;created_timestamp&quot;:&quot;1444214671&quot;,&quot;copyright&quot;:&quot;&quot;,&quot;focal_length&quot;:&quot;5&quot;,&quot;iso&quot;:&quot;200&quot;,&quot;shutter_speed&quot;:&quot;0.00625&quot;,&quot;title&quot;:&quot;&quot;,&quot;orientation&quot;:&quot;1&quot;}\" data-image-title=\"IMG_1391\" data-image-description=\"\" data-medium-file=\"http:\/\/jaszoktatas.hu\/jaszjakohalma\/wp-content\/uploads\/2015\/11\/IMG_1391-300x225.jpg\" data-large-file=\"http:\/\/jaszoktatas.hu\/jaszjakohalma\/wp-content\/uploads\/2015\/11\/IMG_1391-1024x768.jpg\" \/><\/a>\n\t\t\t<\/div><\/figure>\n\t\t<\/div>\n\n<\/div>\n<div><\/div>\n<div><\/div>\n","protected":false},"excerpt":{"rendered":"<p>2015. okt\u00f3ber 7-\u00e9n egy \u00fajabb \u00e1llom\u00e1sa k\u00f6vetkezett a Gyermekek a mez\u0151gazdas\u00e1gban c. p\u00e1ly\u00e1zatnak. Ell\u00e1togattunk a j\u00e1szap\u00e1ti tangazdas\u00e1gba,\u00e9s megn\u00e9zt\u00fck J\u00e1sziv\u00e1ny nevezetess\u00e9geit.Az els\u0151 \u00e1llom\u00e1s Ap\u00e1ti volt.<\/p>\n","protected":false},"author":1,"featured_media":0,"comment_status":"closed","ping_status":"closed","sticky":false,"template":"","format":"aside","meta":[],"categories":[1],"tags":[],"_links":{"self":[{"href":"http:\/\/jaszoktatas.hu\/jaszjakohalma\/index.php?rest_route=\/wp\/v2\/posts\/176"}],"collection":[{"href":"http:\/\/jaszoktatas.hu\/jaszjakohalma\/index.php?rest_route=\/wp\/v2\/posts"}],"about":[{"href":"http:\/\/jaszoktatas.hu\/jaszjakohalma\/index.php?rest_route=\/wp\/v2\/types\/post"}],"author":[{"embeddable":true,"href":"http:\/\/jaszoktatas.hu\/jaszjakohalma\/index.php?rest_route=\/wp\/v2\/users\/1"}],"replies":[{"embeddable":true,"href":"http:\/\/jaszoktatas.hu\/jaszjakohalma\/index.php?rest_route=%2Fwp%2Fv2%2Fcomments&post=176"}],"version-history":[{"count":3,"href":"http:\/\/jaszoktatas.hu\/jaszjakohalma\/index.php?rest_route=\/wp\/v2\/posts\/176\/revisions"}],"predecessor-version":[{"id":181,"href":"http:\/\/jaszoktatas.hu\/jaszjakohalma\/index.php?rest_route=\/wp\/v2\/posts\/176\/revisions\/181"}],"wp:attachment":[{"href":"http:\/\/jaszoktatas.hu\/jaszjakohalma\/index.php?rest_route=%2Fwp%2Fv2%2Fmedia&parent=176"}],"wp:term":[{"taxonomy":"category","embeddable":true,"href":"http:\/\/jaszoktatas.hu\/jaszjakohalma\/index.php?rest_route=%2Fwp%2Fv2%2Fcategories&post=176"},{"taxonomy":"post_tag","embeddable":true,"href":"http:\/\/jaszoktatas.hu\/jaszjakohalma\/index.php?rest_route=%2Fwp%2Fv2%2Ftags&post=176"}],"curies":[{"name":"wp","href":"https:\/\/api.w.org\/{rel}","templated":true}]}}