{"id":172,"date":"2015-11-13T11:44:32","date_gmt":"2015-11-13T11:44:32","guid":{"rendered":"http:\/\/jaszoktatas.hu\/jaszjakohalma\/?p=172"},"modified":"2015-11-13T11:44:49","modified_gmt":"2015-11-13T11:44:49","slug":"omek","status":"publish","type":"post","link":"http:\/\/jaszoktatas.hu\/jaszjakohalma\/?p=172","title":{"rendered":"OM\u00c9K"},"content":{"rendered":"<p>Budapest Hungexpo (OM\u00c9K)<\/p>\n<p>2015.09.23-\u00e1n Budapestre a \u201eGyermekek a mez\u0151gazdas\u00e1gban\u201d mintaprojekt keret\u00e9ben l\u00e1togathattunk el mi 7. oszt\u00e1lyosok.8:40-kor indult pontosan a buszunk.3 busz szedte \u00f6ssze k\u00fcl\u00f6nb\u00f6z\u0151 telep\u00fcl\u00e9sekr\u0151l a gyerekeket.<!--more--><\/p>\n<p>Ber\u00e9nyben tal\u00e1lkozott mind a 3 ahol kiosztott\u00e1k az \u00fati csomagokat, majd tov\u00e1bb indultunk. Amikor meg\u00e9rkezt\u00fcnk egy olyan r\u00e9szt n\u00e9zt\u00fcnk meg ahol k\u00fcl\u00f6nb\u00f6z\u0151 mez\u0151gazdas\u00e1gi eszk\u00f6z\u00f6ket mutattak be. Itt 1 olyan sz\u00f6k\u0151k\u00fat is volt, amely a zene ritmus\u00e1ra sz\u00ednes l\u00e1mp\u00e1k seg\u00edts\u00e9g\u00e9vel k\u00fcl\u00f6nb\u00f6z\u0151 sz\u00ednekben\u201dt\u00e1ncolt\u201d.Itt makett vas\u00fati s\u00edn is volt, amit ki lehetett pr\u00f3b\u00e1lni. Azt\u00e1n elment\u00fcnk eb\u00e9delni \u00e9s nagyon finom volt. Eb\u00e9d ut\u00e1n m\u00e9g 2 szektorba ment\u00fcnk el. Az egyikben \u00e1llatok voltak: baromfik, nyulak, malacok, kecsk\u00e9k, b\u00e1r\u00e1nyok, Ezen a helyen b\u00e1r\u00e1nyh\u00fas k\u00f3stol\u00f3 is volt. A m\u00e1sikban aut\u00f3 szimul\u00e1tort lehetett kipr\u00f3b\u00e1lni. Ez mindenkinek tetszett.<\/p>\n<p>16:00-kor sajnos el kellett indulni. J\u00f3 volt ez a nap. Rem\u00e9lem m\u00e1skor is lesz ilyen lehet\u0151s\u00e9g.<\/p>\n<p>J\u00e1szj\u00e1k\u00f3halma, 2015.09.25 Keny\u00f3 Nikolett<\/p>\n<p>7.oszt\u00e1ly<\/p>\n<div data-carousel-extra='{\"blog_id\":1,\"permalink\":\"http:\\\/\\\/jaszoktatas.hu\\\/jaszjakohalma\\\/?p=172\",\"likes_blog_id\":false}' id='gallery-1' class='gallery galleryid-172 gallery-columns-3 gallery-size-thumbnail'><figure class='gallery-item'>\n\t\t\t<div class='gallery-icon landscape'>\n\t\t\t\t<a href='http:\/\/jaszoktatas.hu\/jaszjakohalma\/?attachment_id=173'><img width=\"150\" height=\"150\" src=\"http:\/\/jaszoktatas.hu\/jaszjakohalma\/wp-content\/uploads\/2015\/11\/12076312_877130039073207_1007202749_o-150x150.jpg\" class=\"attachment-thumbnail size-thumbnail\" alt=\"\" loading=\"lazy\" data-attachment-id=\"173\" data-orig-file=\"http:\/\/jaszoktatas.hu\/jaszjakohalma\/wp-content\/uploads\/2015\/11\/12076312_877130039073207_1007202749_o.jpg\" data-orig-size=\"2048,1536\" data-comments-opened=\"0\" data-image-meta=\"{&quot;aperture&quot;:&quot;0&quot;,&quot;credit&quot;:&quot;&quot;,&quot;camera&quot;:&quot;&quot;,&quot;caption&quot;:&quot;&quot;,&quot;created_timestamp&quot;:&quot;0&quot;,&quot;copyright&quot;:&quot;&quot;,&quot;focal_length&quot;:&quot;0&quot;,&quot;iso&quot;:&quot;0&quot;,&quot;shutter_speed&quot;:&quot;0&quot;,&quot;title&quot;:&quot;&quot;,&quot;orientation&quot;:&quot;0&quot;}\" data-image-title=\"12076312_877130039073207_1007202749_o\" data-image-description=\"\" data-medium-file=\"http:\/\/jaszoktatas.hu\/jaszjakohalma\/wp-content\/uploads\/2015\/11\/12076312_877130039073207_1007202749_o-300x225.jpg\" data-large-file=\"http:\/\/jaszoktatas.hu\/jaszjakohalma\/wp-content\/uploads\/2015\/11\/12076312_877130039073207_1007202749_o-1024x768.jpg\" \/><\/a>\n\t\t\t<\/div><\/figure>\n\t\t<\/div>\n\n<p>&nbsp;<\/p>\n","protected":false},"excerpt":{"rendered":"<p>Budapest Hungexpo (OM\u00c9K) 2015.09.23-\u00e1n Budapestre a \u201eGyermekek a mez\u0151gazdas\u00e1gban\u201d mintaprojekt keret\u00e9ben l\u00e1togathattunk el mi 7. oszt\u00e1lyosok.8:40-kor indult pontosan a buszunk.3 busz szedte \u00f6ssze k\u00fcl\u00f6nb\u00f6z\u0151 telep\u00fcl\u00e9sekr\u0151l&#8230;<\/p>\n","protected":false},"author":1,"featured_media":0,"comment_status":"closed","ping_status":"closed","sticky":false,"template":"","format":"aside","meta":[],"categories":[1],"tags":[],"_links":{"self":[{"href":"http:\/\/jaszoktatas.hu\/jaszjakohalma\/index.php?rest_route=\/wp\/v2\/posts\/172"}],"collection":[{"href":"http:\/\/jaszoktatas.hu\/jaszjakohalma\/index.php?rest_route=\/wp\/v2\/posts"}],"about":[{"href":"http:\/\/jaszoktatas.hu\/jaszjakohalma\/index.php?rest_route=\/wp\/v2\/types\/post"}],"author":[{"embeddable":true,"href":"http:\/\/jaszoktatas.hu\/jaszjakohalma\/index.php?rest_route=\/wp\/v2\/users\/1"}],"replies":[{"embeddable":true,"href":"http:\/\/jaszoktatas.hu\/jaszjakohalma\/index.php?rest_route=%2Fwp%2Fv2%2Fcomments&post=172"}],"version-history":[{"count":1,"href":"http:\/\/jaszoktatas.hu\/jaszjakohalma\/index.php?rest_route=\/wp\/v2\/posts\/172\/revisions"}],"predecessor-version":[{"id":174,"href":"http:\/\/jaszoktatas.hu\/jaszjakohalma\/index.php?rest_route=\/wp\/v2\/posts\/172\/revisions\/174"}],"wp:attachment":[{"href":"http:\/\/jaszoktatas.hu\/jaszjakohalma\/index.php?rest_route=%2Fwp%2Fv2%2Fmedia&parent=172"}],"wp:term":[{"taxonomy":"category","embeddable":true,"href":"http:\/\/jaszoktatas.hu\/jaszjakohalma\/index.php?rest_route=%2Fwp%2Fv2%2Fcategories&post=172"},{"taxonomy":"post_tag","embeddable":true,"href":"http:\/\/jaszoktatas.hu\/jaszjakohalma\/index.php?rest_route=%2Fwp%2Fv2%2Ftags&post=172"}],"curies":[{"name":"wp","href":"https:\/\/api.w.org\/{rel}","templated":true}]}}