{"id":166,"date":"2015-11-13T11:37:02","date_gmt":"2015-11-13T11:37:02","guid":{"rendered":"http:\/\/jaszoktatas.hu\/jaszjakohalma\/?p=166"},"modified":"2015-11-13T11:37:02","modified_gmt":"2015-11-13T11:37:02","slug":"elso-tematikus-nap","status":"publish","type":"post","link":"http:\/\/jaszoktatas.hu\/jaszjakohalma\/?p=166","title":{"rendered":"Els\u0151 tematikus nap"},"content":{"rendered":"<div dir=\"ltr\">\n<div>&#8220;Gyermekek a mez\u0151gazdas\u00e1gban&#8221;- els\u0151 tematikus nap<\/div>\n<div><\/div>\n<div>2015. szeptember\u00e9ben az els\u0151 tematikus napon vett\u00fcnk r\u00e9szt J\u00e1szber\u00e9nyben.<\/div>\n<div>Mikor meg\u00e9rkezt\u00fcnk akkor egy kicsit pihent\u00fcnk \u00e9s ett\u00fcnk. ezut\u00e1n kezd\u0151dtek a feladatok.<\/div>\n<div>Az els\u0151 feladat az volt,hogy kivet\u00edtettek a f\u00f6ldm\u0171vel\u00e9ssel \u00e9s \u00e1llatteny\u00e9szt\u00e9ssel kapcsolatos<\/div>\n<div>k\u00e9peket, \u00e9s nek\u00fcnk kellett megmondani,hogy mit l\u00e1tunk rajtuk.<\/div>\n<div>A m\u00e1sodik feladatban \u00e1llatok \u00e9s n\u00f6v\u00e9nyek neveit kellett kiraknunk.<\/div>\n<div>A harmadik feladat keresztrejtv\u00e9ny volt.<\/div>\n<div>V\u00e9g\u00fcl k\u00e9peket kaptunk \u00e9s a rajtuk l\u00e1that\u00f3 \u00e1llatokr\u00f3l \u00e9s n\u00f6v\u00e9nyekr\u0151l besz\u00e9lgett\u00fcnk.<\/div>\n<div>Nagyon j\u00f3l \u00e9rezt\u00fck magunkat,\u00e9s sokat tanultunk ezekben az \u00f3r\u00e1kban.<\/div>\n<div>Seres Fl\u00f3ra<\/div>\n<div>\u00a0 \u00a0 6.o.<\/div>\n<div>\n<div data-carousel-extra='{\"blog_id\":1,\"permalink\":\"http:\\\/\\\/jaszoktatas.hu\\\/jaszjakohalma\\\/?p=166\",\"likes_blog_id\":false}' id='gallery-1' class='gallery galleryid-166 gallery-columns-3 gallery-size-thumbnail'><figure class='gallery-item'>\n\t\t\t<div class='gallery-icon landscape'>\n\t\t\t\t<a href='http:\/\/jaszoktatas.hu\/jaszjakohalma\/?attachment_id=167'><img width=\"150\" height=\"150\" src=\"http:\/\/jaszoktatas.hu\/jaszjakohalma\/wp-content\/uploads\/2015\/11\/P3100007-150x150.jpg\" class=\"attachment-thumbnail size-thumbnail\" alt=\"\" loading=\"lazy\" aria-describedby=\"gallery-1-167\" data-attachment-id=\"167\" data-orig-file=\"http:\/\/jaszoktatas.hu\/jaszjakohalma\/wp-content\/uploads\/2015\/11\/P3100007.jpg\" data-orig-size=\"1920,1080\" data-comments-opened=\"0\" data-image-meta=\"{&quot;aperture&quot;:&quot;3.1&quot;,&quot;credit&quot;:&quot;&quot;,&quot;camera&quot;:&quot;FE210,X775&quot;,&quot;caption&quot;:&quot;OLYMPUS DIGITAL CAMERA&quot;,&quot;created_timestamp&quot;:&quot;1426028410&quot;,&quot;copyright&quot;:&quot;&quot;,&quot;focal_length&quot;:&quot;6.3&quot;,&quot;iso&quot;:&quot;125&quot;,&quot;shutter_speed&quot;:&quot;0.033333333333333&quot;,&quot;title&quot;:&quot;OLYMPUS DIGITAL CAMERA&quot;,&quot;orientation&quot;:&quot;1&quot;}\" data-image-title=\"OLYMPUS DIGITAL CAMERA\" data-image-description=\"\" data-medium-file=\"http:\/\/jaszoktatas.hu\/jaszjakohalma\/wp-content\/uploads\/2015\/11\/P3100007-300x169.jpg\" data-large-file=\"http:\/\/jaszoktatas.hu\/jaszjakohalma\/wp-content\/uploads\/2015\/11\/P3100007-1024x576.jpg\" \/><\/a>\n\t\t\t<\/div>\n\t\t\t\t<figcaption class='wp-caption-text gallery-caption' id='gallery-1-167'>\n\t\t\t\tOLYMPUS DIGITAL CAMERA\n\t\t\t\t<\/figcaption><\/figure><figure class='gallery-item'>\n\t\t\t<div class='gallery-icon landscape'>\n\t\t\t\t<a href='http:\/\/jaszoktatas.hu\/jaszjakohalma\/?attachment_id=168'><img width=\"150\" height=\"150\" src=\"http:\/\/jaszoktatas.hu\/jaszjakohalma\/wp-content\/uploads\/2015\/11\/P3100015-150x150.jpg\" class=\"attachment-thumbnail size-thumbnail\" alt=\"\" loading=\"lazy\" aria-describedby=\"gallery-1-168\" data-attachment-id=\"168\" data-orig-file=\"http:\/\/jaszoktatas.hu\/jaszjakohalma\/wp-content\/uploads\/2015\/11\/P3100015.jpg\" data-orig-size=\"1920,1080\" data-comments-opened=\"0\" data-image-meta=\"{&quot;aperture&quot;:&quot;3.1&quot;,&quot;credit&quot;:&quot;&quot;,&quot;camera&quot;:&quot;FE210,X775&quot;,&quot;caption&quot;:&quot;OLYMPUS DIGITAL CAMERA&quot;,&quot;created_timestamp&quot;:&quot;1426031957&quot;,&quot;copyright&quot;:&quot;&quot;,&quot;focal_length&quot;:&quot;6.3&quot;,&quot;iso&quot;:&quot;125&quot;,&quot;shutter_speed&quot;:&quot;0.033333333333333&quot;,&quot;title&quot;:&quot;OLYMPUS DIGITAL CAMERA&quot;,&quot;orientation&quot;:&quot;1&quot;}\" data-image-title=\"OLYMPUS DIGITAL CAMERA\" data-image-description=\"\" data-medium-file=\"http:\/\/jaszoktatas.hu\/jaszjakohalma\/wp-content\/uploads\/2015\/11\/P3100015-300x169.jpg\" data-large-file=\"http:\/\/jaszoktatas.hu\/jaszjakohalma\/wp-content\/uploads\/2015\/11\/P3100015-1024x576.jpg\" \/><\/a>\n\t\t\t<\/div>\n\t\t\t\t<figcaption class='wp-caption-text gallery-caption' id='gallery-1-168'>\n\t\t\t\tOLYMPUS DIGITAL CAMERA\n\t\t\t\t<\/figcaption><\/figure><figure class='gallery-item'>\n\t\t\t<div class='gallery-icon landscape'>\n\t\t\t\t<a href='http:\/\/jaszoktatas.hu\/jaszjakohalma\/?attachment_id=169'><img width=\"150\" height=\"150\" src=\"http:\/\/jaszoktatas.hu\/jaszjakohalma\/wp-content\/uploads\/2015\/11\/P3110018-150x150.jpg\" class=\"attachment-thumbnail size-thumbnail\" alt=\"\" loading=\"lazy\" aria-describedby=\"gallery-1-169\" data-attachment-id=\"169\" data-orig-file=\"http:\/\/jaszoktatas.hu\/jaszjakohalma\/wp-content\/uploads\/2015\/11\/P3110018.jpg\" data-orig-size=\"1920,1080\" data-comments-opened=\"0\" data-image-meta=\"{&quot;aperture&quot;:&quot;3.1&quot;,&quot;credit&quot;:&quot;&quot;,&quot;camera&quot;:&quot;FE210,X775&quot;,&quot;caption&quot;:&quot;OLYMPUS DIGITAL CAMERA&quot;,&quot;created_timestamp&quot;:&quot;1426033384&quot;,&quot;copyright&quot;:&quot;&quot;,&quot;focal_length&quot;:&quot;6.3&quot;,&quot;iso&quot;:&quot;125&quot;,&quot;shutter_speed&quot;:&quot;0.033333333333333&quot;,&quot;title&quot;:&quot;OLYMPUS DIGITAL CAMERA&quot;,&quot;orientation&quot;:&quot;1&quot;}\" data-image-title=\"OLYMPUS DIGITAL CAMERA\" data-image-description=\"\" data-medium-file=\"http:\/\/jaszoktatas.hu\/jaszjakohalma\/wp-content\/uploads\/2015\/11\/P3110018-300x169.jpg\" data-large-file=\"http:\/\/jaszoktatas.hu\/jaszjakohalma\/wp-content\/uploads\/2015\/11\/P3110018-1024x576.jpg\" \/><\/a>\n\t\t\t<\/div>\n\t\t\t\t<figcaption class='wp-caption-text gallery-caption' id='gallery-1-169'>\n\t\t\t\tOLYMPUS DIGITAL CAMERA\n\t\t\t\t<\/figcaption><\/figure>\n\t\t<\/div>\n\n<\/div>\n<\/div>\n","protected":false},"excerpt":{"rendered":"<p>&#8220;Gyermekek a mez\u0151gazdas\u00e1gban&#8221;- els\u0151 tematikus nap 2015. szeptember\u00e9ben az els\u0151 tematikus napon vett\u00fcnk r\u00e9szt J\u00e1szber\u00e9nyben. Mikor meg\u00e9rkezt\u00fcnk akkor egy kicsit pihent\u00fcnk \u00e9s ett\u00fcnk. ezut\u00e1n kezd\u0151dtek&#8230;<\/p>\n","protected":false},"author":1,"featured_media":0,"comment_status":"closed","ping_status":"closed","sticky":false,"template":"","format":"aside","meta":[],"categories":[1],"tags":[],"_links":{"self":[{"href":"http:\/\/jaszoktatas.hu\/jaszjakohalma\/index.php?rest_route=\/wp\/v2\/posts\/166"}],"collection":[{"href":"http:\/\/jaszoktatas.hu\/jaszjakohalma\/index.php?rest_route=\/wp\/v2\/posts"}],"about":[{"href":"http:\/\/jaszoktatas.hu\/jaszjakohalma\/index.php?rest_route=\/wp\/v2\/types\/post"}],"author":[{"embeddable":true,"href":"http:\/\/jaszoktatas.hu\/jaszjakohalma\/index.php?rest_route=\/wp\/v2\/users\/1"}],"replies":[{"embeddable":true,"href":"http:\/\/jaszoktatas.hu\/jaszjakohalma\/index.php?rest_route=%2Fwp%2Fv2%2Fcomments&post=166"}],"version-history":[{"count":1,"href":"http:\/\/jaszoktatas.hu\/jaszjakohalma\/index.php?rest_route=\/wp\/v2\/posts\/166\/revisions"}],"predecessor-version":[{"id":170,"href":"http:\/\/jaszoktatas.hu\/jaszjakohalma\/index.php?rest_route=\/wp\/v2\/posts\/166\/revisions\/170"}],"wp:attachment":[{"href":"http:\/\/jaszoktatas.hu\/jaszjakohalma\/index.php?rest_route=%2Fwp%2Fv2%2Fmedia&parent=166"}],"wp:term":[{"taxonomy":"category","embeddable":true,"href":"http:\/\/jaszoktatas.hu\/jaszjakohalma\/index.php?rest_route=%2Fwp%2Fv2%2Fcategories&post=166"},{"taxonomy":"post_tag","embeddable":true,"href":"http:\/\/jaszoktatas.hu\/jaszjakohalma\/index.php?rest_route=%2Fwp%2Fv2%2Ftags&post=166"}],"curies":[{"name":"wp","href":"https:\/\/api.w.org\/{rel}","templated":true}]}}