{"id":4454,"date":"2018-04-09T17:38:02","date_gmt":"2018-04-09T17:38:02","guid":{"rendered":"http:\/\/jaszoktatas.hu\/jaszdozsa\/?p=4454"},"modified":"2018-06-30T14:26:04","modified_gmt":"2018-06-30T14:26:04","slug":"digitalis-temahet","status":"publish","type":"post","link":"http:\/\/jaszoktatas.hu\/jaszdozsa\/2018\/04\/09\/digitalis-temahet\/","title":{"rendered":"Digit\u00e1lis t\u00e9mah\u00e9t"},"content":{"rendered":"<p>Az EMMI kezdem\u00e9nyez\u00e9s\u00e9re a k\u00f6znevel\u00e9sben \u00e1prilis 9-13. k\u00f6z\u00f6tt imm\u00e1r harmadik alkalommal ker\u00fclt sor a Digit\u00e1lis T\u00e9mah\u00e9tre\u00a0 (DTH), melyhez a mi iskol\u00e1nk is csatlakozott els\u0151 esetben. A t\u00e9mah\u00e9t f\u0151 c\u00e9lja a digit\u00e1lis pedag\u00f3gia m\u00f3dszertan\u00e1nak n\u00e9pszer\u0171s\u00edt\u00e9se \u00e9s elterjeszt\u00e9se a k\u00f6znevel\u00e9sben. Az idei tan\u00e9vben kiemelt szempontjaink a m\u00e9diatudatoss\u00e1gra val\u00f3 nevel\u00e9s, a gyermekv\u00e9delem, a digit\u00e1lis k\u00f6zgy\u0171jtem\u00e9nyek haszn\u00e1lata volt. Napjainkban a gyerekek egyre fiatalabb korban kezdik el haszn\u00e1lni az internetet. A t\u00e9mah\u00e9ten felh\u00edvtuk a gyerekek figyelm\u00e9t az internet \u00e9s az \u00faj online technol\u00f3gi\u00e1k biztons\u00e1gos haszn\u00e1lat\u00e1ra. (Snapchat, Twitter, Instagram) Besz\u00e9lgett\u00fcnk a szem\u00e9lyes adatok v\u00e9delm\u00e9r\u0151l, a netes ismerked\u00e9s vesz\u00e9lyeir\u0151l, az internetes zaklat\u00e1sr\u00f3l, a jogokr\u00f3l \u00e9s k\u00f6teless\u00e9gekr\u0151l, valamint mindennapi tev\u00e9kenys\u00e9geinkben a helyes egyens\u00faly kialak\u00edt\u00e1s\u00e1r\u00f3l.<\/p>\n<div id='gallery-1' class='gallery galleryid-4454 gallery-columns-4 gallery-size-thumbnail'><figure class='gallery-item'>\n\t\t\t<div class='gallery-icon landscape'>\n\t\t\t\t<a href='http:\/\/jaszoktatas.hu\/jaszdozsa\/2018\/04\/09\/digitalis-temahet\/olympus-digital-camera-1656\/'><img width=\"150\" height=\"150\" src=\"http:\/\/jaszoktatas.hu\/jaszdozsa\/wp-content\/uploads\/2018\/04\/P4220042-150x150.jpg\" class=\"attachment-thumbnail size-thumbnail\" alt=\"\" decoding=\"async\" loading=\"lazy\" \/><\/a>\n\t\t\t<\/div><\/figure><figure class='gallery-item'>\n\t\t\t<div class='gallery-icon landscape'>\n\t\t\t\t<a href='http:\/\/jaszoktatas.hu\/jaszdozsa\/2018\/04\/09\/digitalis-temahet\/olympus-digital-camera-1657\/'><img width=\"150\" height=\"150\" src=\"http:\/\/jaszoktatas.hu\/jaszdozsa\/wp-content\/uploads\/2018\/04\/P4220043-150x150.jpg\" class=\"attachment-thumbnail size-thumbnail\" alt=\"\" decoding=\"async\" loading=\"lazy\" \/><\/a>\n\t\t\t<\/div><\/figure>\n\t\t<\/div>\n\n","protected":false},"excerpt":{"rendered":"<p>Az EMMI kezdem\u00e9nyez\u00e9s\u00e9re a k\u00f6znevel\u00e9sben \u00e1prilis 9-13. k\u00f6z\u00f6tt imm\u00e1r harmadik alkalommal ker\u00fclt sor a Digit\u00e1lis T\u00e9mah\u00e9tre\u00a0 (DTH), melyhez a mi iskol\u00e1nk is csatlakozott els\u0151 esetben&#8230;.<\/p>\n","protected":false},"author":3,"featured_media":0,"comment_status":"closed","ping_status":"closed","sticky":false,"template":"","format":"standard","meta":[],"categories":[1],"tags":[],"_links":{"self":[{"href":"http:\/\/jaszoktatas.hu\/jaszdozsa\/wp-json\/wp\/v2\/posts\/4454"}],"collection":[{"href":"http:\/\/jaszoktatas.hu\/jaszdozsa\/wp-json\/wp\/v2\/posts"}],"about":[{"href":"http:\/\/jaszoktatas.hu\/jaszdozsa\/wp-json\/wp\/v2\/types\/post"}],"author":[{"embeddable":true,"href":"http:\/\/jaszoktatas.hu\/jaszdozsa\/wp-json\/wp\/v2\/users\/3"}],"replies":[{"embeddable":true,"href":"http:\/\/jaszoktatas.hu\/jaszdozsa\/wp-json\/wp\/v2\/comments?post=4454"}],"version-history":[{"count":2,"href":"http:\/\/jaszoktatas.hu\/jaszdozsa\/wp-json\/wp\/v2\/posts\/4454\/revisions"}],"predecessor-version":[{"id":4881,"href":"http:\/\/jaszoktatas.hu\/jaszdozsa\/wp-json\/wp\/v2\/posts\/4454\/revisions\/4881"}],"wp:attachment":[{"href":"http:\/\/jaszoktatas.hu\/jaszdozsa\/wp-json\/wp\/v2\/media?parent=4454"}],"wp:term":[{"taxonomy":"category","embeddable":true,"href":"http:\/\/jaszoktatas.hu\/jaszdozsa\/wp-json\/wp\/v2\/categories?post=4454"},{"taxonomy":"post_tag","embeddable":true,"href":"http:\/\/jaszoktatas.hu\/jaszdozsa\/wp-json\/wp\/v2\/tags?post=4454"}],"curies":[{"name":"wp","href":"https:\/\/api.w.org\/{rel}","templated":true}]}}