{"id":4038,"date":"2018-02-26T16:35:08","date_gmt":"2018-02-26T16:35:08","guid":{"rendered":"http:\/\/jaszoktatas.hu\/jaszdozsa\/?p=4038"},"modified":"2018-03-12T16:36:21","modified_gmt":"2018-03-12T16:36:21","slug":"a-kommunizmus-aldozatainak-emleknapja","status":"publish","type":"post","link":"http:\/\/jaszoktatas.hu\/jaszdozsa\/2018\/02\/26\/a-kommunizmus-aldozatainak-emleknapja\/","title":{"rendered":"A Kommunizmus \u00c1ldozatainak Eml\u00e9knapja"},"content":{"rendered":"<p>A kommunista diktat\u00far\u00e1k \u00e1ldozataira eml\u00e9kezt\u00fcnk febru\u00e1r 26-\u00e1n. R\u00f6vid kis filmmel felid\u00e9zt\u00fck a korszak t\u00f6rt\u00e9n\u00e9seit \u00e9s mindazok eml\u00e9k\u00e9t, akik az rendszer \u00e1ldozataiv\u00e1 v\u00e1ltak.<\/p>\n<div id='gallery-1' class='gallery galleryid-4038 gallery-columns-2 gallery-size-medium'><figure class='gallery-item'>\n\t\t\t<div class='gallery-icon landscape'>\n\t\t\t\t<a href='http:\/\/jaszoktatas.hu\/jaszdozsa\/2018\/02\/26\/a-kommunizmus-aldozatainak-emleknapja\/olympus-digital-camera-1465\/'><img width=\"300\" height=\"225\" src=\"http:\/\/jaszoktatas.hu\/jaszdozsa\/wp-content\/uploads\/2018\/03\/P2260001-300x225.jpg\" class=\"attachment-medium size-medium\" alt=\"\" decoding=\"async\" loading=\"lazy\" srcset=\"http:\/\/jaszoktatas.hu\/jaszdozsa\/wp-content\/uploads\/2018\/03\/P2260001-300x225.jpg 300w, http:\/\/jaszoktatas.hu\/jaszdozsa\/wp-content\/uploads\/2018\/03\/P2260001.jpg 600w\" sizes=\"(max-width: 300px) 100vw, 300px\" \/><\/a>\n\t\t\t<\/div><\/figure><figure class='gallery-item'>\n\t\t\t<div class='gallery-icon landscape'>\n\t\t\t\t<a href='http:\/\/jaszoktatas.hu\/jaszdozsa\/2018\/02\/26\/a-kommunizmus-aldozatainak-emleknapja\/olympus-digital-camera-1466\/'><img width=\"300\" height=\"225\" src=\"http:\/\/jaszoktatas.hu\/jaszdozsa\/wp-content\/uploads\/2018\/03\/P2260002-300x225.jpg\" class=\"attachment-medium size-medium\" alt=\"\" decoding=\"async\" loading=\"lazy\" srcset=\"http:\/\/jaszoktatas.hu\/jaszdozsa\/wp-content\/uploads\/2018\/03\/P2260002-300x225.jpg 300w, http:\/\/jaszoktatas.hu\/jaszdozsa\/wp-content\/uploads\/2018\/03\/P2260002.jpg 600w\" sizes=\"(max-width: 300px) 100vw, 300px\" \/><\/a>\n\t\t\t<\/div><\/figure>\n\t\t<\/div>\n\n","protected":false},"excerpt":{"rendered":"<p>A kommunista diktat\u00far\u00e1k \u00e1ldozataira eml\u00e9kezt\u00fcnk febru\u00e1r 26-\u00e1n. R\u00f6vid kis filmmel felid\u00e9zt\u00fck a korszak t\u00f6rt\u00e9n\u00e9seit \u00e9s mindazok eml\u00e9k\u00e9t, akik az rendszer \u00e1ldozataiv\u00e1 v\u00e1ltak.<\/p>\n","protected":false},"author":1,"featured_media":0,"comment_status":"closed","ping_status":"closed","sticky":false,"template":"","format":"standard","meta":[],"categories":[1],"tags":[],"_links":{"self":[{"href":"http:\/\/jaszoktatas.hu\/jaszdozsa\/wp-json\/wp\/v2\/posts\/4038"}],"collection":[{"href":"http:\/\/jaszoktatas.hu\/jaszdozsa\/wp-json\/wp\/v2\/posts"}],"about":[{"href":"http:\/\/jaszoktatas.hu\/jaszdozsa\/wp-json\/wp\/v2\/types\/post"}],"author":[{"embeddable":true,"href":"http:\/\/jaszoktatas.hu\/jaszdozsa\/wp-json\/wp\/v2\/users\/1"}],"replies":[{"embeddable":true,"href":"http:\/\/jaszoktatas.hu\/jaszdozsa\/wp-json\/wp\/v2\/comments?post=4038"}],"version-history":[{"count":1,"href":"http:\/\/jaszoktatas.hu\/jaszdozsa\/wp-json\/wp\/v2\/posts\/4038\/revisions"}],"predecessor-version":[{"id":4041,"href":"http:\/\/jaszoktatas.hu\/jaszdozsa\/wp-json\/wp\/v2\/posts\/4038\/revisions\/4041"}],"wp:attachment":[{"href":"http:\/\/jaszoktatas.hu\/jaszdozsa\/wp-json\/wp\/v2\/media?parent=4038"}],"wp:term":[{"taxonomy":"category","embeddable":true,"href":"http:\/\/jaszoktatas.hu\/jaszdozsa\/wp-json\/wp\/v2\/categories?post=4038"},{"taxonomy":"post_tag","embeddable":true,"href":"http:\/\/jaszoktatas.hu\/jaszdozsa\/wp-json\/wp\/v2\/tags?post=4038"}],"curies":[{"name":"wp","href":"https:\/\/api.w.org\/{rel}","templated":true}]}}