{"id":1962,"date":"2017-01-09T08:41:26","date_gmt":"2017-01-09T08:41:26","guid":{"rendered":"http:\/\/jaszoktatas.hu\/jaszdozsa\/?p=1962"},"modified":"2017-11-16T09:50:50","modified_gmt":"2017-11-16T09:50:50","slug":"bozsik-teli-teremtorna","status":"publish","type":"post","link":"http:\/\/jaszoktatas.hu\/jaszdozsa\/2017\/01\/09\/bozsik-teli-teremtorna\/","title":{"rendered":"Bozsik t\u00e9li teremtorna"},"content":{"rendered":"<p>A t\u00e9li Bozsik teremtorn\u00e1n 1. helyez\u00e9st \u00e9rt el I. korcsoportos (Boros Mil\u00e1n, G\u00f6rbe S\u00e1ndor, Danyi Armand\u00f3, Horny\u00e1k Csan\u00e1d, Kov\u00e1cs M\u00e1rk, S\u00fcveges Norbert, Sus\u00e1nyi D\u00e1vid) \u00e9s 3. helyez\u00e9st \u00e9rt el a II. korcsoportos csapatunk. Edz\u0151: Nagyn\u00e9 Kelemen Erika.<\/p>\n<p>Az edz\u00e9sek j\u00f3 hangulatban folynak, igazi kis k\u00f6z\u00f6ss\u00e9g form\u00e1l\u00f3dik.<\/p>\n<p>&nbsp;<\/p>\n<div id='gallery-1' class='gallery galleryid-1962 gallery-columns-2 gallery-size-thumbnail'><figure class='gallery-item'>\n\t\t\t<div class='gallery-icon landscape'>\n\t\t\t\t<a href='http:\/\/jaszoktatas.hu\/jaszdozsa\/2017\/01\/09\/bozsik-teli-teremtorna\/16387226_1565693160114446_5429915347129547314_n\/'><img width=\"150\" height=\"150\" src=\"http:\/\/jaszoktatas.hu\/jaszdozsa\/wp-content\/uploads\/2017\/10\/16387226_1565693160114446_5429915347129547314_n-150x150.jpg\" class=\"attachment-thumbnail size-thumbnail\" alt=\"\" decoding=\"async\" loading=\"lazy\" \/><\/a>\n\t\t\t<\/div><\/figure><figure class='gallery-item'>\n\t\t\t<div class='gallery-icon landscape'>\n\t\t\t\t<a href='http:\/\/jaszoktatas.hu\/jaszdozsa\/2017\/01\/09\/bozsik-teli-teremtorna\/15977101_1549972351686527_1947602043548583014_n\/'><img width=\"150\" height=\"150\" src=\"http:\/\/jaszoktatas.hu\/jaszdozsa\/wp-content\/uploads\/2017\/10\/15977101_1549972351686527_1947602043548583014_n-150x150.jpg\" class=\"attachment-thumbnail size-thumbnail\" alt=\"\" decoding=\"async\" loading=\"lazy\" \/><\/a>\n\t\t\t<\/div><\/figure>\n\t\t<\/div>\n\n","protected":false},"excerpt":{"rendered":"<p>A t\u00e9li Bozsik teremtorn\u00e1n 1. helyez\u00e9st \u00e9rt el I. korcsoportos (Boros Mil\u00e1n, G\u00f6rbe S\u00e1ndor, Danyi Armand\u00f3, Horny\u00e1k Csan\u00e1d, Kov\u00e1cs M\u00e1rk, S\u00fcveges Norbert, Sus\u00e1nyi D\u00e1vid) \u00e9s&#8230;<\/p>\n","protected":false},"author":1,"featured_media":0,"comment_status":"closed","ping_status":"closed","sticky":false,"template":"","format":"standard","meta":[],"categories":[1],"tags":[],"_links":{"self":[{"href":"http:\/\/jaszoktatas.hu\/jaszdozsa\/wp-json\/wp\/v2\/posts\/1962"}],"collection":[{"href":"http:\/\/jaszoktatas.hu\/jaszdozsa\/wp-json\/wp\/v2\/posts"}],"about":[{"href":"http:\/\/jaszoktatas.hu\/jaszdozsa\/wp-json\/wp\/v2\/types\/post"}],"author":[{"embeddable":true,"href":"http:\/\/jaszoktatas.hu\/jaszdozsa\/wp-json\/wp\/v2\/users\/1"}],"replies":[{"embeddable":true,"href":"http:\/\/jaszoktatas.hu\/jaszdozsa\/wp-json\/wp\/v2\/comments?post=1962"}],"version-history":[{"count":2,"href":"http:\/\/jaszoktatas.hu\/jaszdozsa\/wp-json\/wp\/v2\/posts\/1962\/revisions"}],"predecessor-version":[{"id":1966,"href":"http:\/\/jaszoktatas.hu\/jaszdozsa\/wp-json\/wp\/v2\/posts\/1962\/revisions\/1966"}],"wp:attachment":[{"href":"http:\/\/jaszoktatas.hu\/jaszdozsa\/wp-json\/wp\/v2\/media?parent=1962"}],"wp:term":[{"taxonomy":"category","embeddable":true,"href":"http:\/\/jaszoktatas.hu\/jaszdozsa\/wp-json\/wp\/v2\/categories?post=1962"},{"taxonomy":"post_tag","embeddable":true,"href":"http:\/\/jaszoktatas.hu\/jaszdozsa\/wp-json\/wp\/v2\/tags?post=1962"}],"curies":[{"name":"wp","href":"https:\/\/api.w.org\/{rel}","templated":true}]}}